{"id":12365,"date":"2025-02-28T10:09:45","date_gmt":"2025-02-28T13:09:45","guid":{"rendered":"https:\/\/laserenaradio.cl\/web\/?p=12365"},"modified":"2025-02-28T10:09:45","modified_gmt":"2025-02-28T13:09:45","slug":"noche-fatal-en-chicureo","status":"publish","type":"post","link":"https:\/\/laserenaradio.cl\/web\/2025\/02\/28\/noche-fatal-en-chicureo\/","title":{"rendered":"Noche fatal en Chicureo"},"content":{"rendered":"<p><b>En la madrugada del viernes, cerca de las 4 AM, ocurri\u00f3 un grave robo en el condominio La Reserva, comuna de Chicureo, regi\u00f3n Metropolitana, donde cuatro individuos armados con armas blancas y de fuego redujeron al due\u00f1o del domicilio junto a su esposa<\/b><!--more-->.<\/p>\n<p>Los ladrones intentaron robar, pero el hombre se resisti\u00f3, resultando herido con tres pu\u00f1aladas que le causaron la muerte.<\/p>\n<p>Este operativo policial, resultado de una extensa investigaci\u00f3n, llev\u00f3 a la detenci\u00f3n de cuatro sospechosos.<\/p>\n<p>Las autoridades contin\u00faan investigando los detalles y motivaciones detr\u00e1s del robo y la tragedia que dej\u00f3 a un hombre fallecido.<\/p>\n<p>La comunidad local se encuentra en shock y las fuerzas del orden trabajan para garantizar la seguridad de los habitantes del condominio.<\/p>\n","protected":false},"excerpt":{"rendered":"<p>En la madrugada del viernes, cerca de las 4 AM, ocurri\u00f3 un grave robo en el condominio La Reserva, comuna de Chicureo, regi\u00f3n Metropolitana, donde cuatro individuos armados con armas blancas y de fuego redujeron al due\u00f1o del domicilio junto a su esposa<\/p>\n","protected":false},"author":2,"featured_media":12364,"comment_status":"closed","ping_status":"open","sticky":false,"template":"","format":"standard","meta":{"_jetpack_memberships_contains_paid_content":false,"jnews-multi-image_gallery":[],"jnews_single_post":[],"jnews_primary_category":[],"jnews_social_meta":[],"jnews_paywall_metabox":[],"jnews_review":[],"enable_review":"","type":"","name":"","summary":"","brand":"","sku":"","good":[],"bad":[],"score_override":"","override_value":"","rating":[],"price":[],"jnews_override_counter":[],"jnews_post_split":[],"footnotes":""},"categories":[21],"tags":[],"class_list":["post-12365","post","type-post","status-publish","format-standard","has-post-thumbnail","hentry","category-nacional"],"jetpack_featured_media_url":"https:\/\/laserenaradio.cl\/web\/wp-content\/uploads\/2025\/02\/homepiaiextractoscrapimg_webpNocheChicureo_0.webp","jetpack_sharing_enabled":true,"_links":{"self":[{"href":"https:\/\/laserenaradio.cl\/web\/wp-json\/wp\/v2\/posts\/12365","targetHints":{"allow":["GET"]}}],"collection":[{"href":"https:\/\/laserenaradio.cl\/web\/wp-json\/wp\/v2\/posts"}],"about":[{"href":"https:\/\/laserenaradio.cl\/web\/wp-json\/wp\/v2\/types\/post"}],"author":[{"embeddable":true,"href":"https:\/\/laserenaradio.cl\/web\/wp-json\/wp\/v2\/users\/2"}],"replies":[{"embeddable":true,"href":"https:\/\/laserenaradio.cl\/web\/wp-json\/wp\/v2\/comments?post=12365"}],"version-history":[{"count":1,"href":"https:\/\/laserenaradio.cl\/web\/wp-json\/wp\/v2\/posts\/12365\/revisions"}],"predecessor-version":[{"id":12366,"href":"https:\/\/laserenaradio.cl\/web\/wp-json\/wp\/v2\/posts\/12365\/revisions\/12366"}],"wp:featuredmedia":[{"embeddable":true,"href":"https:\/\/laserenaradio.cl\/web\/wp-json\/wp\/v2\/media\/12364"}],"wp:attachment":[{"href":"https:\/\/laserenaradio.cl\/web\/wp-json\/wp\/v2\/media?parent=12365"}],"wp:term":[{"taxonomy":"category","embeddable":true,"href":"https:\/\/laserenaradio.cl\/web\/wp-json\/wp\/v2\/categories?post=12365"},{"taxonomy":"post_tag","embeddable":true,"href":"https:\/\/laserenaradio.cl\/web\/wp-json\/wp\/v2\/tags?post=12365"}],"curies":[{"name":"wp","href":"https:\/\/api.w.org\/{rel}","templated":true}]}}