{"id":12362,"date":"2025-02-28T10:07:28","date_gmt":"2025-02-28T13:07:28","guid":{"rendered":"https:\/\/laserenaradio.cl\/web\/?p=12362"},"modified":"2025-02-28T10:07:28","modified_gmt":"2025-02-28T13:07:28","slug":"el-megacorte-de-luz-en-chile-desata-un-debate-politico-sobre-el-rol-del-estado-en-la-evaluacion-de-proyectos-energeticos","status":"publish","type":"post","link":"https:\/\/laserenaradio.cl\/web\/2025\/02\/28\/el-megacorte-de-luz-en-chile-desata-un-debate-politico-sobre-el-rol-del-estado-en-la-evaluacion-de-proyectos-energeticos\/","title":{"rendered":"El megacorte de luz en Chile desata un debate pol\u00edtico sobre el rol del Estado en la evaluaci\u00f3n de proyectos energ\u00e9ticos"},"content":{"rendered":"<p><b>El reciente megacorte de suministro el\u00e9ctrico en Chile ha provocado un intenso debate pol\u00edtico sobre el rol del Estado en la evaluaci\u00f3n de proyectos de inversi\u00f3n energ\u00e9tica<\/b><!--more-->.<\/p>\n<p>Sectores de derecha, como la exalcaldesa Evelyn Matthei y Renovaci\u00f3n Nacional (RN), han criticado lo que consideran una excesiva burocracia que obstaculiza el avance de inversiones, acusando a La Moneda de un &#8220;fundamentalismo ambiental&#8221;.<\/p>\n<p>En contraste, desde el Ejecutivo se defiende el rol regulador y fiscalizador del Estado, enfatizando que no hay problemas en la inversi\u00f3n sino en la gesti\u00f3n.<\/p>\n<p>Dicho debate se refuerza con cr\u00edticas espec\u00edficas sobre la &#8220;permisolog\u00eda&#8221;, un t\u00e9rmino que abarca a proyectos de infraestructura el\u00e9ctrica.<\/p>\n<p>Juan Jos\u00e9 Obach, director ejecutivo de Horizontal, critic\u00f3 el retraso en la aprobaci\u00f3n de la l\u00ednea Kimal-Lo Aguirre, una iniciativa que requiere 1.500 millones de d\u00f3lares.<\/p>\n<p>El diputado Juan Manuel Fuenzalida (UDI) tambi\u00e9n denunci\u00f3 la burocracia y los problemas de permisos.<\/p>\n<p>Frente a esta situaci\u00f3n, el ministro de Energ\u00eda Diego Pardow asegur\u00f3 que se trata de un problema de gesti\u00f3n, no de inversi\u00f3n, mientras el subsecretario del Interior Luis Cordero destac\u00f3 el papel regulador del Estado.<\/p>\n<p>La vocera Ais\u00e9n Etcheverry defendi\u00f3 la inversi\u00f3n en energ\u00edas renovables, aunque reconoci\u00f3 los retrasos.<\/p>\n<p>Expertos como Joseph Ramos y Carlos Smith sostuvieron que se necesita un equilibrio entre regulaci\u00f3n y productividad para minimizar los efectos secundarios.<\/p>\n<p>Actualmente, hay un proyecto en el Congreso que busca simplificar la tramitaci\u00f3n de permisos sectoriales, lo cual podr\u00eda abordar estas cr\u00edticas en el futuro.<\/p>\n","protected":false},"excerpt":{"rendered":"<p>El reciente megacorte de suministro el\u00e9ctrico en Chile ha provocado un intenso debate pol\u00edtico sobre el rol del Estado en la evaluaci\u00f3n de proyectos de inversi\u00f3n energ\u00e9tica<\/p>\n","protected":false},"author":2,"featured_media":12361,"comment_status":"closed","ping_status":"open","sticky":false,"template":"","format":"standard","meta":{"_jetpack_memberships_contains_paid_content":false,"jnews-multi-image_gallery":[],"jnews_single_post":[],"jnews_primary_category":[],"jnews_social_meta":[],"jnews_paywall_metabox":[],"jnews_review":[],"enable_review":"","type":"","name":"","summary":"","brand":"","sku":"","good":[],"bad":[],"score_override":"","override_value":"","rating":[],"price":[],"jnews_override_counter":[],"jnews_post_split":[],"footnotes":""},"categories":[21],"tags":[],"class_list":["post-12362","post","type-post","status-publish","format-standard","has-post-thumbnail","hentry","category-nacional"],"jetpack_featured_media_url":"https:\/\/laserenaradio.cl\/web\/wp-content\/uploads\/2025\/02\/homepiaiextractoscrapimg_predeterminadalaserenaradio_nacional-11.webp","jetpack_sharing_enabled":true,"_links":{"self":[{"href":"https:\/\/laserenaradio.cl\/web\/wp-json\/wp\/v2\/posts\/12362","targetHints":{"allow":["GET"]}}],"collection":[{"href":"https:\/\/laserenaradio.cl\/web\/wp-json\/wp\/v2\/posts"}],"about":[{"href":"https:\/\/laserenaradio.cl\/web\/wp-json\/wp\/v2\/types\/post"}],"author":[{"embeddable":true,"href":"https:\/\/laserenaradio.cl\/web\/wp-json\/wp\/v2\/users\/2"}],"replies":[{"embeddable":true,"href":"https:\/\/laserenaradio.cl\/web\/wp-json\/wp\/v2\/comments?post=12362"}],"version-history":[{"count":1,"href":"https:\/\/laserenaradio.cl\/web\/wp-json\/wp\/v2\/posts\/12362\/revisions"}],"predecessor-version":[{"id":12363,"href":"https:\/\/laserenaradio.cl\/web\/wp-json\/wp\/v2\/posts\/12362\/revisions\/12363"}],"wp:featuredmedia":[{"embeddable":true,"href":"https:\/\/laserenaradio.cl\/web\/wp-json\/wp\/v2\/media\/12361"}],"wp:attachment":[{"href":"https:\/\/laserenaradio.cl\/web\/wp-json\/wp\/v2\/media?parent=12362"}],"wp:term":[{"taxonomy":"category","embeddable":true,"href":"https:\/\/laserenaradio.cl\/web\/wp-json\/wp\/v2\/categories?post=12362"},{"taxonomy":"post_tag","embeddable":true,"href":"https:\/\/laserenaradio.cl\/web\/wp-json\/wp\/v2\/tags?post=12362"}],"curies":[{"name":"wp","href":"https:\/\/api.w.org\/{rel}","templated":true}]}}