{"id":12359,"date":"2025-02-28T09:59:39","date_gmt":"2025-02-28T12:59:39","guid":{"rendered":"https:\/\/laserenaradio.cl\/web\/?p=12359"},"modified":"2025-02-28T09:59:39","modified_gmt":"2025-02-28T12:59:39","slug":"tasa-de-desocupacion-en-chile-bajo-a-80-durante-noviembre-2024-enero-2025","status":"publish","type":"post","link":"https:\/\/laserenaradio.cl\/web\/2025\/02\/28\/tasa-de-desocupacion-en-chile-bajo-a-80-durante-noviembre-2024-enero-2025\/","title":{"rendered":"Tasa de desocupaci\u00f3n en Chile baj\u00f3 a 8,0% durante noviembre 2024 &#8211; enero 2025"},"content":{"rendered":"<p><b>Durante el per\u00edodo noviembre 2024 &#8211; enero de 2025, la tasa de desocupaci\u00f3n en Chile asciende a 8,0%, conforme a datos proporcionados por la Encuesta Nacional de Empleo (ENE) del Instituto Nacional de Estad\u00edsticas (<a href=\"http:\/\/www.ine.cl\/\">INE<\/a>)<\/b><!--more-->.<\/p>\n<p>Este descenso interanual en el indicador se atribuye principalmente a un incremento en la fuerza de trabajo de 0,8% y una disminuci\u00f3n m\u00e1s moderada en las personas ocupadas, con una ca\u00edda de 1,3%. Seg\u00fan el <a href=\"http:\/\/www.ine.cl\/\">INE<\/a>, esta variaci\u00f3n es menor que la registrada en el trimestre anterior (8,1%).<\/p>\n<p>La mejora del empleo en Chile se destaca como un punto clave para el an\u00e1lisis econ\u00f3mico y social del pa\u00eds.<\/p>\n<p>El informe detalla que el descenso de la desocupaci\u00f3n refleja una estabilidad positiva en el mercado laboral chileno. La informaci\u00f3n se complementa con un estudio m\u00e1s profundo que continuar\u00e1 en las pr\u00f3ximas semanas.<\/p>\n","protected":false},"excerpt":{"rendered":"<p>Durante el per\u00edodo noviembre 2024 &#8211; enero de 2025, la tasa de desocupaci\u00f3n en Chile asciende a 8,0%, conforme a datos proporcionados por la Encuesta Nacional de Empleo (ENE) del Instituto Nacional de Estad\u00edsticas (INE)<\/p>\n","protected":false},"author":2,"featured_media":12358,"comment_status":"closed","ping_status":"open","sticky":false,"template":"","format":"standard","meta":{"_jetpack_memberships_contains_paid_content":false,"jnews-multi-image_gallery":[],"jnews_single_post":[],"jnews_primary_category":[],"jnews_social_meta":[],"jnews_paywall_metabox":[],"jnews_review":[],"enable_review":"","type":"","name":"","summary":"","brand":"","sku":"","good":[],"bad":[],"score_override":"","override_value":"","rating":[],"price":[],"jnews_override_counter":[],"jnews_post_split":[],"footnotes":""},"categories":[85],"tags":[],"class_list":["post-12359","post","type-post","status-publish","format-standard","has-post-thumbnail","hentry","category-economia"],"jetpack_featured_media_url":"https:\/\/laserenaradio.cl\/web\/wp-content\/uploads\/2025\/02\/homepiaiextractoscrapimg_webpTasaChile_1.webp","jetpack_sharing_enabled":true,"_links":{"self":[{"href":"https:\/\/laserenaradio.cl\/web\/wp-json\/wp\/v2\/posts\/12359","targetHints":{"allow":["GET"]}}],"collection":[{"href":"https:\/\/laserenaradio.cl\/web\/wp-json\/wp\/v2\/posts"}],"about":[{"href":"https:\/\/laserenaradio.cl\/web\/wp-json\/wp\/v2\/types\/post"}],"author":[{"embeddable":true,"href":"https:\/\/laserenaradio.cl\/web\/wp-json\/wp\/v2\/users\/2"}],"replies":[{"embeddable":true,"href":"https:\/\/laserenaradio.cl\/web\/wp-json\/wp\/v2\/comments?post=12359"}],"version-history":[{"count":1,"href":"https:\/\/laserenaradio.cl\/web\/wp-json\/wp\/v2\/posts\/12359\/revisions"}],"predecessor-version":[{"id":12360,"href":"https:\/\/laserenaradio.cl\/web\/wp-json\/wp\/v2\/posts\/12359\/revisions\/12360"}],"wp:featuredmedia":[{"embeddable":true,"href":"https:\/\/laserenaradio.cl\/web\/wp-json\/wp\/v2\/media\/12358"}],"wp:attachment":[{"href":"https:\/\/laserenaradio.cl\/web\/wp-json\/wp\/v2\/media?parent=12359"}],"wp:term":[{"taxonomy":"category","embeddable":true,"href":"https:\/\/laserenaradio.cl\/web\/wp-json\/wp\/v2\/categories?post=12359"},{"taxonomy":"post_tag","embeddable":true,"href":"https:\/\/laserenaradio.cl\/web\/wp-json\/wp\/v2\/tags?post=12359"}],"curies":[{"name":"wp","href":"https:\/\/api.w.org\/{rel}","templated":true}]}}