{"id":12356,"date":"2025-02-28T09:57:03","date_gmt":"2025-02-28T12:57:03","guid":{"rendered":"https:\/\/laserenaradio.cl\/web\/?p=12356"},"modified":"2025-02-28T09:57:03","modified_gmt":"2025-02-28T12:57:03","slug":"jovenes-de-17-anos-detenidos-por-intentar-asesinar-a-un-hombre-de-21-anos-en-combarbala","status":"publish","type":"post","link":"https:\/\/laserenaradio.cl\/web\/2025\/02\/28\/jovenes-de-17-anos-detenidos-por-intentar-asesinar-a-un-hombre-de-21-anos-en-combarbala\/","title":{"rendered":"Jovenes de 17 a\u00f1os detenidos por intentar asesinar a un hombre de 21 a\u00f1os en Combarbal\u00e1"},"content":{"rendered":"<p><b>En horas de la tarde del jueves, un joven de 21 a\u00f1os fue interceptado en Combarbal\u00e1 por dos menores de edad<\/b><!--more-->.<\/p>\n<p>Los agresores amenazaron al afectado con un arma de fuego, lo que llev\u00f3 a este \u00faltimo a denunciar el hecho ante <a href=\"https:\/\/www.carabineros.cl\/\">Carabineros<\/a>.Los investigadores lograron ubicar y perseguir a los individuos sindicados por la v\u00edctima. Durante la huida, uno de los sospechosos arroj\u00f3 el arma antes de continuar su escape.<\/p>\n<p>La persecuci\u00f3n finaliz\u00f3 con la aprehensi\u00f3n de ambos menores, quienes resultaron ser F.J.T.C. y K.A.A.A., ambos chilenos de 17 a\u00f1os.<\/p>\n<p>En la detenci\u00f3n se incaut\u00f3 una pistola sin marca ni modelo, presumiblemente a fogueo y adaptada para el disparo.<\/p>\n<p>La intervenci\u00f3n policial permiti\u00f3 recuperar el arma y neutralizar la amenaza.<\/p>\n","protected":false},"excerpt":{"rendered":"<p>En horas de la tarde del jueves, un joven de 21 a\u00f1os fue interceptado en Combarbal\u00e1 por dos menores de edad<\/p>\n","protected":false},"author":2,"featured_media":12355,"comment_status":"closed","ping_status":"open","sticky":false,"template":"","format":"standard","meta":{"_jetpack_memberships_contains_paid_content":false,"jnews-multi-image_gallery":[],"jnews_single_post":[],"jnews_primary_category":[],"jnews_social_meta":[],"jnews_paywall_metabox":[],"jnews_review":[],"enable_review":"","type":"","name":"","summary":"","brand":"","sku":"","good":[],"bad":[],"score_override":"","override_value":"","rating":[],"price":[],"jnews_override_counter":[],"jnews_post_split":[],"footnotes":""},"categories":[21],"tags":[],"class_list":["post-12356","post","type-post","status-publish","format-standard","has-post-thumbnail","hentry","category-nacional"],"jetpack_featured_media_url":"https:\/\/laserenaradio.cl\/web\/wp-content\/uploads\/2025\/02\/homepiaiextractoscrapimg_webparmamenoresambosmarca_0.webp","jetpack_sharing_enabled":true,"_links":{"self":[{"href":"https:\/\/laserenaradio.cl\/web\/wp-json\/wp\/v2\/posts\/12356","targetHints":{"allow":["GET"]}}],"collection":[{"href":"https:\/\/laserenaradio.cl\/web\/wp-json\/wp\/v2\/posts"}],"about":[{"href":"https:\/\/laserenaradio.cl\/web\/wp-json\/wp\/v2\/types\/post"}],"author":[{"embeddable":true,"href":"https:\/\/laserenaradio.cl\/web\/wp-json\/wp\/v2\/users\/2"}],"replies":[{"embeddable":true,"href":"https:\/\/laserenaradio.cl\/web\/wp-json\/wp\/v2\/comments?post=12356"}],"version-history":[{"count":1,"href":"https:\/\/laserenaradio.cl\/web\/wp-json\/wp\/v2\/posts\/12356\/revisions"}],"predecessor-version":[{"id":12357,"href":"https:\/\/laserenaradio.cl\/web\/wp-json\/wp\/v2\/posts\/12356\/revisions\/12357"}],"wp:featuredmedia":[{"embeddable":true,"href":"https:\/\/laserenaradio.cl\/web\/wp-json\/wp\/v2\/media\/12355"}],"wp:attachment":[{"href":"https:\/\/laserenaradio.cl\/web\/wp-json\/wp\/v2\/media?parent=12356"}],"wp:term":[{"taxonomy":"category","embeddable":true,"href":"https:\/\/laserenaradio.cl\/web\/wp-json\/wp\/v2\/categories?post=12356"},{"taxonomy":"post_tag","embeddable":true,"href":"https:\/\/laserenaradio.cl\/web\/wp-json\/wp\/v2\/tags?post=12356"}],"curies":[{"name":"wp","href":"https:\/\/api.w.org\/{rel}","templated":true}]}}