{"id":12353,"date":"2025-02-28T09:43:14","date_gmt":"2025-02-28T12:43:14","guid":{"rendered":"https:\/\/laserenaradio.cl\/web\/?p=12353"},"modified":"2025-02-28T09:43:14","modified_gmt":"2025-02-28T12:43:14","slug":"hombre-venezolano-muere-tras-colision-con-vehiculo-que-huyo","status":"publish","type":"post","link":"https:\/\/laserenaradio.cl\/web\/2025\/02\/28\/hombre-venezolano-muere-tras-colision-con-vehiculo-que-huyo\/","title":{"rendered":"Hombre venezolano muere tras colisi\u00f3n con veh\u00edculo que huy\u00f3"},"content":{"rendered":"<p><b>Un motociclista venezolano falleci\u00f3 tras un impactante accidente de tr\u00e1nsito ocurrido la madrugada de este viernes en Chacabuco con San Pablo, Santiago<\/b><!--more-->.<\/p>\n<p>El conductor del veh\u00edculo que colision\u00f3 con el ciclista huy\u00f3 del lugar, complicando a\u00fan m\u00e1s las pesquisas.<\/p>\n<p>La SIAT de <a href=\"https:\/\/www.carabineros.cl\/\">Carabineros<\/a> inici\u00f3 una minuciosa investigaci\u00f3n para determinar las causas del siniestro y esfuerza sus fuerzas para identificar al chofer involucrado. Mientras tanto, el accidentado fue trasladado urgentemente hasta la ex Posta Central, donde los m\u00e9dicos declararon su deceso debido a la severidad de sus lesiones.<\/p>\n<p>Este tr\u00e1gico incidente se suma a la preocupante estad\u00edstica de accidentes en la regi\u00f3n metropolitana y resalta la necesidad de mayor precauci\u00f3n y responsabilidad por parte de todos los conductores.<\/p>\n","protected":false},"excerpt":{"rendered":"<p>Un motociclista venezolano falleci\u00f3 tras un impactante accidente de tr\u00e1nsito ocurrido la madrugada de este viernes en Chacabuco con San Pablo, Santiago<\/p>\n","protected":false},"author":2,"featured_media":12352,"comment_status":"closed","ping_status":"open","sticky":false,"template":"","format":"standard","meta":{"_jetpack_memberships_contains_paid_content":false,"jnews-multi-image_gallery":[],"jnews_single_post":[],"jnews_primary_category":[],"jnews_social_meta":[],"jnews_paywall_metabox":[],"jnews_review":[],"enable_review":"","type":"","name":"","summary":"","brand":"","sku":"","good":[],"bad":[],"score_override":"","override_value":"","rating":[],"price":[],"jnews_override_counter":[],"jnews_post_split":[],"footnotes":""},"categories":[21],"tags":[],"class_list":["post-12353","post","type-post","status-publish","format-standard","has-post-thumbnail","hentry","category-nacional"],"jetpack_featured_media_url":"https:\/\/laserenaradio.cl\/web\/wp-content\/uploads\/2025\/02\/homepiaiextractoscrapimg_predeterminadalaserenaradio_nacional-10.webp","jetpack_sharing_enabled":true,"_links":{"self":[{"href":"https:\/\/laserenaradio.cl\/web\/wp-json\/wp\/v2\/posts\/12353","targetHints":{"allow":["GET"]}}],"collection":[{"href":"https:\/\/laserenaradio.cl\/web\/wp-json\/wp\/v2\/posts"}],"about":[{"href":"https:\/\/laserenaradio.cl\/web\/wp-json\/wp\/v2\/types\/post"}],"author":[{"embeddable":true,"href":"https:\/\/laserenaradio.cl\/web\/wp-json\/wp\/v2\/users\/2"}],"replies":[{"embeddable":true,"href":"https:\/\/laserenaradio.cl\/web\/wp-json\/wp\/v2\/comments?post=12353"}],"version-history":[{"count":1,"href":"https:\/\/laserenaradio.cl\/web\/wp-json\/wp\/v2\/posts\/12353\/revisions"}],"predecessor-version":[{"id":12354,"href":"https:\/\/laserenaradio.cl\/web\/wp-json\/wp\/v2\/posts\/12353\/revisions\/12354"}],"wp:featuredmedia":[{"embeddable":true,"href":"https:\/\/laserenaradio.cl\/web\/wp-json\/wp\/v2\/media\/12352"}],"wp:attachment":[{"href":"https:\/\/laserenaradio.cl\/web\/wp-json\/wp\/v2\/media?parent=12353"}],"wp:term":[{"taxonomy":"category","embeddable":true,"href":"https:\/\/laserenaradio.cl\/web\/wp-json\/wp\/v2\/categories?post=12353"},{"taxonomy":"post_tag","embeddable":true,"href":"https:\/\/laserenaradio.cl\/web\/wp-json\/wp\/v2\/tags?post=12353"}],"curies":[{"name":"wp","href":"https:\/\/api.w.org\/{rel}","templated":true}]}}