{"id":12347,"date":"2025-02-27T23:51:05","date_gmt":"2025-02-28T02:51:05","guid":{"rendered":"https:\/\/laserenaradio.cl\/web\/?p=12347"},"modified":"2025-02-27T23:51:05","modified_gmt":"2025-02-28T02:51:05","slug":"valdivia-prepara-gran-presencia-policial-para-noche-valdiviana","status":"publish","type":"post","link":"https:\/\/laserenaradio.cl\/web\/2025\/02\/27\/valdivia-prepara-gran-presencia-policial-para-noche-valdiviana\/","title":{"rendered":"Valdivia prepara gran presencia policial para Noche Valdiviana"},"content":{"rendered":"<p><b>Durante la Noche Valdiviana del s\u00e1bado 1 de marzo, <a href=\"https:\/\/www.carabineros.cl\/\">Carabineros<\/a> de Los R\u00edos contar\u00e1 con un refuerzo de efectivos provenientes de las regiones de Los Lagos y La Araucan\u00eda, sum\u00e1ndose a m\u00e1s de 300 uniformados para garantizar el orden y seguridad de los asistentes<\/b><!--more-->.<\/p>\n<p>Este n\u00famero se eleva a m\u00e1s de 400, incluyendo funcionarios de la <a href=\"https:\/\/www.pdichile.cl\/\">PDI<\/a>, Polic\u00eda Mar\u00edtima y Seguridad P\u00fablica Municipal.<\/p>\n<p>Seg\u00fan explic\u00f3 el delegado presidencial Jorge Alvial, este trabajo conjunto asegurar\u00e1 una r\u00e1pida respuesta ante cualquier contingencia o emergencia.<\/p>\n<p>En total, m\u00e1s de 400 efectivos estar\u00e1n desplegados en la Costanera desde el submarino O\u2019Brian hasta el puente Calle Calle. Adem\u00e1s, <a href=\"https:\/\/www.carabineros.cl\/\">Carabineros<\/a> solicit\u00f3 al Municipio de Valdivia un listado de cerca de 100 comerciantes ambulantes autorizados, incluyendo una quincena de Foodtrucks. Para administrar eficazmente este espacio, se implementar\u00e1 un copamiento estrat\u00e9gico.<\/p>\n<p>Tambi\u00e9n se dispuso de vigilancia especial entre la tarde del viernes y madrugada del s\u00e1bado para evitar que veh\u00edculos permanezcan estacionados en la costanera, los accesos a la cual estar\u00e1n cerrados.<\/p>\n<p>Se prev\u00e9 una atenci\u00f3n especial a diferentes barrios de Valdivia para prevenir posibles il\u00edcitos durante el probable ausentismo de moradores asistiendo a la Noche Valdiviana.<\/p>\n<p>Un \u00e1rea de ambulancias quedar\u00e1 fijada frente a la Gobernaci\u00f3n Mar\u00edtima, y se instalar\u00e1 un stand para la entrega de pulseras de identificaci\u00f3n a ni\u00f1os, ni\u00f1as y personas mayores.<\/p>\n<p>Para turistas extranjeros, se dispuso una instalaci\u00f3n de la <a href=\"https:\/\/www.pdichile.cl\/\">PDI<\/a> con personal de Migraciones y Polic\u00eda Internacional, para apoyar en casos de p\u00e9rdida de pasaportes u otras situaciones.<\/p>\n<p>Estos esfuerzos conjuntos buscan garantizar un evento seguro y eficaz para todos los asistentes a la Noche Valdiviana..<\/p>\n","protected":false},"excerpt":{"rendered":"<p>Durante la Noche Valdiviana del s\u00e1bado 1 de marzo, Carabineros de Los R\u00edos contar\u00e1 con un refuerzo de efectivos provenientes de las regiones de Los Lagos y La Araucan\u00eda, sum\u00e1ndose a m\u00e1s de 300 uniformados para garantizar el orden y seguridad de los asistentes<\/p>\n","protected":false},"author":2,"featured_media":12346,"comment_status":"closed","ping_status":"open","sticky":false,"template":"","format":"standard","meta":{"_jetpack_memberships_contains_paid_content":false,"jnews-multi-image_gallery":[],"jnews_single_post":[],"jnews_primary_category":[],"jnews_social_meta":[],"jnews_paywall_metabox":[],"jnews_review":[],"enable_review":"","type":"","name":"","summary":"","brand":"","sku":"","good":[],"bad":[],"score_override":"","override_value":"","rating":[],"price":[],"jnews_override_counter":[],"jnews_post_split":[],"footnotes":""},"categories":[21],"tags":[],"class_list":["post-12347","post","type-post","status-publish","format-standard","has-post-thumbnail","hentry","category-nacional"],"jetpack_featured_media_url":"https:\/\/laserenaradio.cl\/web\/wp-content\/uploads\/2025\/02\/homepiaiextractoscrapimg_webpValdiviaNoche_0.webp","jetpack_sharing_enabled":true,"_links":{"self":[{"href":"https:\/\/laserenaradio.cl\/web\/wp-json\/wp\/v2\/posts\/12347","targetHints":{"allow":["GET"]}}],"collection":[{"href":"https:\/\/laserenaradio.cl\/web\/wp-json\/wp\/v2\/posts"}],"about":[{"href":"https:\/\/laserenaradio.cl\/web\/wp-json\/wp\/v2\/types\/post"}],"author":[{"embeddable":true,"href":"https:\/\/laserenaradio.cl\/web\/wp-json\/wp\/v2\/users\/2"}],"replies":[{"embeddable":true,"href":"https:\/\/laserenaradio.cl\/web\/wp-json\/wp\/v2\/comments?post=12347"}],"version-history":[{"count":1,"href":"https:\/\/laserenaradio.cl\/web\/wp-json\/wp\/v2\/posts\/12347\/revisions"}],"predecessor-version":[{"id":12348,"href":"https:\/\/laserenaradio.cl\/web\/wp-json\/wp\/v2\/posts\/12347\/revisions\/12348"}],"wp:featuredmedia":[{"embeddable":true,"href":"https:\/\/laserenaradio.cl\/web\/wp-json\/wp\/v2\/media\/12346"}],"wp:attachment":[{"href":"https:\/\/laserenaradio.cl\/web\/wp-json\/wp\/v2\/media?parent=12347"}],"wp:term":[{"taxonomy":"category","embeddable":true,"href":"https:\/\/laserenaradio.cl\/web\/wp-json\/wp\/v2\/categories?post=12347"},{"taxonomy":"post_tag","embeddable":true,"href":"https:\/\/laserenaradio.cl\/web\/wp-json\/wp\/v2\/tags?post=12347"}],"curies":[{"name":"wp","href":"https:\/\/api.w.org\/{rel}","templated":true}]}}