{"id":12344,"date":"2025-02-27T22:10:32","date_gmt":"2025-02-28T01:10:32","guid":{"rendered":"https:\/\/laserenaradio.cl\/web\/?p=12344"},"modified":"2025-02-27T22:10:32","modified_gmt":"2025-02-28T01:10:32","slug":"gobierno-establece-medidas-para-prevenir-el-abuso-sexual-infantil-y-abre-oficinas-locales-de-la-ninez","status":"publish","type":"post","link":"https:\/\/laserenaradio.cl\/web\/2025\/02\/27\/gobierno-establece-medidas-para-prevenir-el-abuso-sexual-infantil-y-abre-oficinas-locales-de-la-ninez\/","title":{"rendered":"Gobierno establece medidas para prevenir el abuso sexual infantil y abre Oficinas Locales de la Ni\u00f1ez"},"content":{"rendered":"<p><b>El Gobierno ha implementado una serie de medidas para prevenir el abuso sexual infantil, entre las cuales se encuentra la apertura de Oficinas Locales de la Ni\u00f1ez en todas las comunas chilenas.<\/b><!--more-->.<\/p>\n<p>Seg\u00fan cifras proporcionadas por la Subsecretar\u00eda de la Ni\u00f1ez, en 2023 un 86% de los ni\u00f1os y ni\u00f1as v\u00edctimas de explotaci\u00f3n sexual eran mujeres, y el 64% ten\u00eda entre 14 y 17 a\u00f1os.<\/p>\n<p>Adem\u00e1s, el informe de la Fundaci\u00f3n Amparo y Justicia 2024 indica que los casos de abuso sexual infantil aumentaron un 45% entre 2019 y 2023.<\/p>\n<p>Ante esta situaci\u00f3n, el <a href=\"http:\/\/www.ministeriodesarrollosocial.gob.cl\/\">Ministerio de Desarrollo Social y Familia<\/a> ha anunciado la apertura de estas oficinas a nivel nacional; un compromiso originalmente fijado para 2027.<\/p>\n<p>La ministra Javiera Toro detall\u00f3 que las oficinas est\u00e1n orientadas tanto para proporcionar ayuda como para la prevenci\u00f3n.<\/p>\n<p>Seg\u00fan el informe &#8220;Orientaciones Para la Prevenci\u00f3n de Abuso Sexual Infantil desde la Comunidad Educativa&#8221;, los s\u00edntomas del abuso infantil incluyen cambios en la conducta, baja rendimiento escolar y depresi\u00f3n.<\/p>\n<p>Pese a estas medidas, la presidenta de la comisi\u00f3n de Familia e Infancia y senadora del Partido Republicano, Carmen Gloria Aravena, indic\u00f3 que las oficinas locales deben ser reformuladas.<\/p>\n<p>De igual manera, el senador Juan Luis Castro, del Partido Socialista, reiter\u00f3 la necesidad de medidas m\u00e1s all\u00e1 de las intersectoriales.<\/p>\n<p>Si alguien sospecha un caso de abuso sexual infantil, puede realizar una denuncia a trav\u00e9s del sitio web del Poder Judicial, en la secci\u00f3n &#8220;Denuncia de vulneraci\u00f3n de derechos respecto a NNA&#8221;.<\/p>\n","protected":false},"excerpt":{"rendered":"<p>El Gobierno ha implementado una serie de medidas para prevenir el abuso sexual infantil, entre las cuales se encuentra la apertura de Oficinas Locales de la Ni\u00f1ez en todas las comunas chilenas.<\/p>\n","protected":false},"author":2,"featured_media":12343,"comment_status":"closed","ping_status":"open","sticky":false,"template":"","format":"standard","meta":{"_jetpack_memberships_contains_paid_content":false,"jnews-multi-image_gallery":[],"jnews_single_post":[],"jnews_primary_category":[],"jnews_social_meta":[],"jnews_paywall_metabox":[],"jnews_review":[],"enable_review":"","type":"","name":"","summary":"","brand":"","sku":"","good":[],"bad":[],"score_override":"","override_value":"","rating":[],"price":[],"jnews_override_counter":[],"jnews_post_split":[],"footnotes":""},"categories":[21],"tags":[],"class_list":["post-12344","post","type-post","status-publish","format-standard","has-post-thumbnail","hentry","category-nacional"],"jetpack_featured_media_url":"https:\/\/laserenaradio.cl\/web\/wp-content\/uploads\/2025\/02\/homepiaiextractoscrapimg_webpabusosexualinfantilmedidas_1.webp","jetpack_sharing_enabled":true,"_links":{"self":[{"href":"https:\/\/laserenaradio.cl\/web\/wp-json\/wp\/v2\/posts\/12344","targetHints":{"allow":["GET"]}}],"collection":[{"href":"https:\/\/laserenaradio.cl\/web\/wp-json\/wp\/v2\/posts"}],"about":[{"href":"https:\/\/laserenaradio.cl\/web\/wp-json\/wp\/v2\/types\/post"}],"author":[{"embeddable":true,"href":"https:\/\/laserenaradio.cl\/web\/wp-json\/wp\/v2\/users\/2"}],"replies":[{"embeddable":true,"href":"https:\/\/laserenaradio.cl\/web\/wp-json\/wp\/v2\/comments?post=12344"}],"version-history":[{"count":1,"href":"https:\/\/laserenaradio.cl\/web\/wp-json\/wp\/v2\/posts\/12344\/revisions"}],"predecessor-version":[{"id":12345,"href":"https:\/\/laserenaradio.cl\/web\/wp-json\/wp\/v2\/posts\/12344\/revisions\/12345"}],"wp:featuredmedia":[{"embeddable":true,"href":"https:\/\/laserenaradio.cl\/web\/wp-json\/wp\/v2\/media\/12343"}],"wp:attachment":[{"href":"https:\/\/laserenaradio.cl\/web\/wp-json\/wp\/v2\/media?parent=12344"}],"wp:term":[{"taxonomy":"category","embeddable":true,"href":"https:\/\/laserenaradio.cl\/web\/wp-json\/wp\/v2\/categories?post=12344"},{"taxonomy":"post_tag","embeddable":true,"href":"https:\/\/laserenaradio.cl\/web\/wp-json\/wp\/v2\/tags?post=12344"}],"curies":[{"name":"wp","href":"https:\/\/api.w.org\/{rel}","templated":true}]}}