{"id":12338,"date":"2025-02-27T18:19:51","date_gmt":"2025-02-27T21:19:51","guid":{"rendered":"https:\/\/laserenaradio.cl\/web\/?p=12338"},"modified":"2025-02-27T18:19:51","modified_gmt":"2025-02-27T21:19:51","slug":"la-lista-de-espera-no-ges-mas-de-25-millones-de-personas-y-77-mil-garantias-retrasadas","status":"publish","type":"post","link":"https:\/\/laserenaradio.cl\/web\/2025\/02\/27\/la-lista-de-espera-no-ges-mas-de-25-millones-de-personas-y-77-mil-garantias-retrasadas\/","title":{"rendered":"La lista de espera no GES: m\u00e1s de 2,5 millones de personas y 77 mil garant\u00edas retrasadas"},"content":{"rendered":"<p><b>El <a href=\"http:\/\/www.minsal.cl\/\">Ministerio de Salud<\/a> informa que m\u00e1s de 2,5 millones de personas se encuentran en la lista de espera no GES, seg\u00fan el informe \u201cGlosa 06-2024 Cuarto Trimestre Lista de Espera No GES y Garant\u00edas de Oportunidad GES Retrasadas \u2013 Ley de Presupuesto N\u00b0 21.640\u201d<\/b><!--more-->.<\/p>\n<p>Este documento, con corte a diciembre de 2024, detalla que existen 2 millones 508 mil 227 personas en la lista de espera, con 2 millones 991 mil 313 registros de interconsultas pendientes, incluyendo derivaciones m\u00e9dicas y solicitudes quir\u00fargicas.<\/p>\n<p>Del total de registros, el 87% corresponden a consultas nuevas de especialidad.<\/p>\n<p>Las \u00e1reas m\u00e9dicas concentran el 80,3% de las solicitudes, mientras que las odontol\u00f3gicas representan el 19,7%.<\/p>\n<p>Entre los problemas de salud m\u00e1s frecuentes se encuentran la diabetes mellitus tipo 2 (15.235 pacientes), el tratamiento quir\u00fargico de cataratas (10.067 casos) y la retinopat\u00eda diab\u00e9tica (5.571). Estos tres problemas representan el 41,4% de las garant\u00edas incumplidas.<\/p>\n<p>El cumplimiento general de las garant\u00edas GES alcanz\u00f3 un 97,9% en 2024, con la creaci\u00f3n de 5 millones 22 mil 669 garant\u00edas, un incremento del 9,5% respecto a 2023. No obstante, la mediana de espera para las garant\u00edas retrasadas fue de 75 d\u00edas.<\/p>\n<p>En el \u00e1mbito no GES, las intervenciones quir\u00fargicas electivas representan el 13% de la lista de espera. De estas, el 73% son cirug\u00edas mayores y el 27% menores.<\/p>\n<p>La mediana para una intervenci\u00f3n quir\u00fargica es de 294 d\u00edas, una reducci\u00f3n de 367 d\u00edas respecto a 2021.<\/p>\n<p>Las especialidades m\u00e9dicas con mayor demanda son oftalmolog\u00eda (17,4%), otorrinolaringolog\u00eda (13%) y ginecolog\u00eda (8,7%). En odontolog\u00eda, lideran la rehabilitaci\u00f3n oral (29,6%), ortodoncia (21,5%) y endodoncia (14,7%).<\/p>\n<p>Las cirug\u00edas de traumatolog\u00eda (22,4%), cirug\u00eda digestiva (15,3%) y dermatolog\u00eda (12,7%) concentran las mayores listas.<\/p>\n<p>El 60% de las atenciones tiene menos de un a\u00f1o de espera.<\/p>\n<p>El an\u00e1lisis hist\u00f3rico muestra una mejora en los tiempos de espera: para consultas nuevas de especialidad, la mediana baj\u00f3 de 353 d\u00edas en 2021 a 263 en 2024; en cirug\u00edas, la reducci\u00f3n fue de 661 d\u00edas en 2021 a 294 en el \u00faltimo a\u00f1o.<\/p>\n<p>Entre 2021 y 2024, el sistema registr\u00f3 57 millones de atenciones, con un incremento del 37,3% en atenci\u00f3n primaria y del 87,4% en consultas odontol\u00f3gicas especializadas.<\/p>\n<p>Las intervenciones quir\u00fargicas electivas sumaron 528.196 en el mismo periodo.<\/p>\n<p>El <a href=\"http:\/\/www.minsal.cl\/\">Ministerio de Salud<\/a> enfatiza que \u201clas garant\u00edas retrasadas se concentran en 15 problemas de salud\u201d, donde tambi\u00e9n figuran hipoacusia, c\u00e1ncer de mama y enfermedad renal cr\u00f3nica. Estos casos acumulan el 85% de los incumplimientos.<\/p>\n<p>Pese a estos avances, el informe advierte sobre la presi\u00f3n persistente en las listas de espera.<\/p>\n","protected":false},"excerpt":{"rendered":"<p>El Ministerio de Salud informa que m\u00e1s de 2,5 millones de personas se encuentran en la lista de espera no GES, seg\u00fan el informe \u201cGlosa 06-2024 Cuarto Trimestre Lista de Espera No GES y Garant\u00edas de Oportunidad GES Retrasadas \u2013 Ley de Presupuesto N\u00b0 21.640\u201d<\/p>\n","protected":false},"author":2,"featured_media":12337,"comment_status":"closed","ping_status":"open","sticky":false,"template":"","format":"standard","meta":{"_jetpack_memberships_contains_paid_content":false,"jnews-multi-image_gallery":[],"jnews_single_post":[],"jnews_primary_category":[],"jnews_social_meta":[],"jnews_paywall_metabox":[],"jnews_review":[],"enable_review":"","type":"","name":"","summary":"","brand":"","sku":"","good":[],"bad":[],"score_override":"","override_value":"","rating":[],"price":[],"jnews_override_counter":[],"jnews_post_split":[],"footnotes":""},"categories":[21],"tags":[],"class_list":["post-12338","post","type-post","status-publish","format-standard","has-post-thumbnail","hentry","category-nacional"],"jetpack_featured_media_url":"https:\/\/laserenaradio.cl\/web\/wp-content\/uploads\/2025\/02\/homepiaiextractoscrapimg_webpGESespera_1.webp","jetpack_sharing_enabled":true,"_links":{"self":[{"href":"https:\/\/laserenaradio.cl\/web\/wp-json\/wp\/v2\/posts\/12338","targetHints":{"allow":["GET"]}}],"collection":[{"href":"https:\/\/laserenaradio.cl\/web\/wp-json\/wp\/v2\/posts"}],"about":[{"href":"https:\/\/laserenaradio.cl\/web\/wp-json\/wp\/v2\/types\/post"}],"author":[{"embeddable":true,"href":"https:\/\/laserenaradio.cl\/web\/wp-json\/wp\/v2\/users\/2"}],"replies":[{"embeddable":true,"href":"https:\/\/laserenaradio.cl\/web\/wp-json\/wp\/v2\/comments?post=12338"}],"version-history":[{"count":1,"href":"https:\/\/laserenaradio.cl\/web\/wp-json\/wp\/v2\/posts\/12338\/revisions"}],"predecessor-version":[{"id":12339,"href":"https:\/\/laserenaradio.cl\/web\/wp-json\/wp\/v2\/posts\/12338\/revisions\/12339"}],"wp:featuredmedia":[{"embeddable":true,"href":"https:\/\/laserenaradio.cl\/web\/wp-json\/wp\/v2\/media\/12337"}],"wp:attachment":[{"href":"https:\/\/laserenaradio.cl\/web\/wp-json\/wp\/v2\/media?parent=12338"}],"wp:term":[{"taxonomy":"category","embeddable":true,"href":"https:\/\/laserenaradio.cl\/web\/wp-json\/wp\/v2\/categories?post=12338"},{"taxonomy":"post_tag","embeddable":true,"href":"https:\/\/laserenaradio.cl\/web\/wp-json\/wp\/v2\/tags?post=12338"}],"curies":[{"name":"wp","href":"https:\/\/api.w.org\/{rel}","templated":true}]}}