{"id":12335,"date":"2025-02-27T18:12:56","date_gmt":"2025-02-27T21:12:56","guid":{"rendered":"https:\/\/laserenaradio.cl\/web\/?p=12335"},"modified":"2025-02-27T18:12:56","modified_gmt":"2025-02-27T21:12:56","slug":"isa-reconoce-la-responsabilidad-en-el-apagon-nacional-e-inicia-investigacion","status":"publish","type":"post","link":"https:\/\/laserenaradio.cl\/web\/2025\/02\/27\/isa-reconoce-la-responsabilidad-en-el-apagon-nacional-e-inicia-investigacion\/","title":{"rendered":"ISA reconoce la responsabilidad en el apag\u00f3n nacional e inicia investigaci\u00f3n"},"content":{"rendered":"<p><b>El presidente del grupo colombiano ISA, Jorge Carrillo, confirm\u00f3 que la empresa reaccion\u00f3 \u201cr\u00e1pidamente\/\u201d tras el masivo corte de energ\u00eda en Chile<\/b><!--more-->.<\/p>\n<p>Este incidente se origin\u00f3 debido a una \u201coperaci\u00f3n no deseada\u201d en los sistemas de control y protecci\u00f3n de la Subestaci\u00f3n Nueva Pan de Az\u00facar, propiedad de ISA InterChile.<\/p>\n<p>Carrillo comunic\u00f3 su solidaridad al presidente Gabriel Boric y al jefe de Gabinete Carlos Dur\u00e1n, seg\u00fan declaraciones a Emol.<\/p>\n<p>A pesar de la rapidez con que ISA reaccion\u00f3, el sistema no respondi\u00f3 con igual velocidad: se tardaron 44 minutos en reactivar la disponibilidad del servicio.<\/p>\n<p>Carrillo destac\u00f3 las caracter\u00edsticas particulares del sistema el\u00e9ctrico chileno y se\u00f1al\u00f3 que \u201cChile carece de riqueza h\u00eddrica comparada con otros pa\u00edses\u201d.<\/p>\n<p>El corte de energ\u00eda afect\u00f3 a m\u00e1s de 8 millones de hogares, extendi\u00e9ndose desde la regi\u00f3n de Arica y Parinacota hasta Los Lagos.<\/p>\n<p>La interrupci\u00f3n comenz\u00f3 a las 15:16 horas del martes y se recuper\u00f3 alrededor de la medianoche, restableciendo el 90% del suministro el\u00e9ctrico.<\/p>\n<p>ISA InterChile asegur\u00f3 que seguir\u00e1 colaborando con las autoridades chilenas en la investigaci\u00f3n para identificar las causas del apag\u00f3n.<\/p>\n","protected":false},"excerpt":{"rendered":"<p>El presidente del grupo colombiano ISA, Jorge Carrillo, confirm\u00f3 que la empresa reaccion\u00f3 \u201cr\u00e1pidamente\/\u201d tras el masivo corte de energ\u00eda en Chile<\/p>\n","protected":false},"author":2,"featured_media":12334,"comment_status":"closed","ping_status":"open","sticky":false,"template":"","format":"standard","meta":{"_jetpack_memberships_contains_paid_content":false,"jnews-multi-image_gallery":[],"jnews_single_post":[],"jnews_primary_category":[],"jnews_social_meta":[],"jnews_paywall_metabox":[],"jnews_review":[],"enable_review":"","type":"","name":"","summary":"","brand":"","sku":"","good":[],"bad":[],"score_override":"","override_value":"","rating":[],"price":[],"jnews_override_counter":[],"jnews_post_split":[],"footnotes":""},"categories":[21],"tags":[],"class_list":["post-12335","post","type-post","status-publish","format-standard","has-post-thumbnail","hentry","category-nacional"],"jetpack_featured_media_url":"https:\/\/laserenaradio.cl\/web\/wp-content\/uploads\/2025\/02\/homepiaiextractoscrapimg_predeterminadalaserenaradio_nacional-8.webp","jetpack_sharing_enabled":true,"_links":{"self":[{"href":"https:\/\/laserenaradio.cl\/web\/wp-json\/wp\/v2\/posts\/12335","targetHints":{"allow":["GET"]}}],"collection":[{"href":"https:\/\/laserenaradio.cl\/web\/wp-json\/wp\/v2\/posts"}],"about":[{"href":"https:\/\/laserenaradio.cl\/web\/wp-json\/wp\/v2\/types\/post"}],"author":[{"embeddable":true,"href":"https:\/\/laserenaradio.cl\/web\/wp-json\/wp\/v2\/users\/2"}],"replies":[{"embeddable":true,"href":"https:\/\/laserenaradio.cl\/web\/wp-json\/wp\/v2\/comments?post=12335"}],"version-history":[{"count":1,"href":"https:\/\/laserenaradio.cl\/web\/wp-json\/wp\/v2\/posts\/12335\/revisions"}],"predecessor-version":[{"id":12336,"href":"https:\/\/laserenaradio.cl\/web\/wp-json\/wp\/v2\/posts\/12335\/revisions\/12336"}],"wp:featuredmedia":[{"embeddable":true,"href":"https:\/\/laserenaradio.cl\/web\/wp-json\/wp\/v2\/media\/12334"}],"wp:attachment":[{"href":"https:\/\/laserenaradio.cl\/web\/wp-json\/wp\/v2\/media?parent=12335"}],"wp:term":[{"taxonomy":"category","embeddable":true,"href":"https:\/\/laserenaradio.cl\/web\/wp-json\/wp\/v2\/categories?post=12335"},{"taxonomy":"post_tag","embeddable":true,"href":"https:\/\/laserenaradio.cl\/web\/wp-json\/wp\/v2\/tags?post=12335"}],"curies":[{"name":"wp","href":"https:\/\/api.w.org\/{rel}","templated":true}]}}