{"id":12329,"date":"2025-02-27T15:32:32","date_gmt":"2025-02-27T18:32:32","guid":{"rendered":"https:\/\/laserenaradio.cl\/web\/?p=12329"},"modified":"2025-02-27T15:32:32","modified_gmt":"2025-02-27T18:32:32","slug":"maria-corina-machado-rechaza-duramente-los-dichos-de-guarequena-gutierrez-tras-la-fallida-rutina-en-vina-del-mar","status":"publish","type":"post","link":"https:\/\/laserenaradio.cl\/web\/2025\/02\/27\/maria-corina-machado-rechaza-duramente-los-dichos-de-guarequena-gutierrez-tras-la-fallida-rutina-en-vina-del-mar\/","title":{"rendered":"Mar\u00eda Corina Machado rechaza duramente los dichos de Guarequena Guti\u00e9rrez tras la fallida rutina en Vi\u00f1a del Mar"},"content":{"rendered":"<p><b>En el contexto de la situaci\u00f3n pol\u00edtica y social que enfrentan Venezuela y Chile, las declaraciones de Guarequena Guti\u00e9rrez han generado un amplio debate<\/b><!--more-->.<\/p>\n<p>Tras la fallida participaci\u00f3n de George Harris en el Festival Internacional de Vi\u00f1a del Mar, Guti\u00e9rrez afirm\u00f3 p\u00fablicamente que los venezolanos est\u00e1n &#8220;pensando en irse de Chile&#8221;, lo cual ha sido respaldado por el Comando Con Venezuela en Chile, dirigido por Mar\u00eda Corina Machado. No obstante, la posici\u00f3n de Guti\u00e9rrez ha sido contrariada mediante un comunicado emitido por el Comando.<\/p>\n<p>En este documento, se agradeci\u00f3 &#8220;con el alma&#8221; a Chile como una tierra que ha sabido recibirles con generosidad y hospitalidad. Se subray\u00f3 que los venezolanos han formado parte del tejido social chileno no solo desde un punto de vista laboral, sino tambi\u00e9n en cuanto a la contribuci\u00f3n emocional y cultural.<\/p>\n<p>El comunicado expresa rechazo a &#8220;las voces del odio&#8221; provenientes de aquellos cuyas opiniones se originan m\u00e1s en soledad y resentimiento que en una base racional. Se sostiene que no permitir\u00e1n que el veneno de algunos divida a la comunidad, asegurando que quienes gritan y ofenden no representan a los venezolanos ni a los chilenos.<\/p>\n<p>Adem\u00e1s, se les pide a los l\u00edderes venezolanos &#8220;altura&#8221; en sus acciones, ya que se debe evitar reavivar las heridas causadas por conflictos pasados.<\/p>\n<p>Se enfatiza la necesidad de mantener y construir hermandad entre los dos pa\u00edses, recordando que Chile y Venezuela no son extra\u00f1os sino aliados en la historia, la lucha y la vida.<\/p>\n<p>Finalmente, se concluye con un llamado a continuar construyendo juntos, reiterando la idea de que nada ni nadie dividir\u00e1 a las comunidades venezolanas y chilenas.<\/p>\n","protected":false},"excerpt":{"rendered":"<p>En el contexto de la situaci\u00f3n pol\u00edtica y social que enfrentan Venezuela y Chile, las declaraciones de Guarequena Guti\u00e9rrez han generado un amplio debate<\/p>\n","protected":false},"author":2,"featured_media":12328,"comment_status":"closed","ping_status":"open","sticky":false,"template":"","format":"standard","meta":{"_jetpack_memberships_contains_paid_content":false,"jnews-multi-image_gallery":[],"jnews_single_post":[],"jnews_primary_category":[],"jnews_social_meta":[],"jnews_paywall_metabox":[],"jnews_review":[],"enable_review":"","type":"","name":"","summary":"","brand":"","sku":"","good":[],"bad":[],"score_override":"","override_value":"","rating":[],"price":[],"jnews_override_counter":[],"jnews_post_split":[],"footnotes":""},"categories":[21],"tags":[],"class_list":["post-12329","post","type-post","status-publish","format-standard","has-post-thumbnail","hentry","category-nacional"],"jetpack_featured_media_url":"https:\/\/laserenaradio.cl\/web\/wp-content\/uploads\/2025\/02\/homepiaiextractoscrapimg_webpMariaCorina_0.webp","jetpack_sharing_enabled":true,"_links":{"self":[{"href":"https:\/\/laserenaradio.cl\/web\/wp-json\/wp\/v2\/posts\/12329","targetHints":{"allow":["GET"]}}],"collection":[{"href":"https:\/\/laserenaradio.cl\/web\/wp-json\/wp\/v2\/posts"}],"about":[{"href":"https:\/\/laserenaradio.cl\/web\/wp-json\/wp\/v2\/types\/post"}],"author":[{"embeddable":true,"href":"https:\/\/laserenaradio.cl\/web\/wp-json\/wp\/v2\/users\/2"}],"replies":[{"embeddable":true,"href":"https:\/\/laserenaradio.cl\/web\/wp-json\/wp\/v2\/comments?post=12329"}],"version-history":[{"count":1,"href":"https:\/\/laserenaradio.cl\/web\/wp-json\/wp\/v2\/posts\/12329\/revisions"}],"predecessor-version":[{"id":12330,"href":"https:\/\/laserenaradio.cl\/web\/wp-json\/wp\/v2\/posts\/12329\/revisions\/12330"}],"wp:featuredmedia":[{"embeddable":true,"href":"https:\/\/laserenaradio.cl\/web\/wp-json\/wp\/v2\/media\/12328"}],"wp:attachment":[{"href":"https:\/\/laserenaradio.cl\/web\/wp-json\/wp\/v2\/media?parent=12329"}],"wp:term":[{"taxonomy":"category","embeddable":true,"href":"https:\/\/laserenaradio.cl\/web\/wp-json\/wp\/v2\/categories?post=12329"},{"taxonomy":"post_tag","embeddable":true,"href":"https:\/\/laserenaradio.cl\/web\/wp-json\/wp\/v2\/tags?post=12329"}],"curies":[{"name":"wp","href":"https:\/\/api.w.org\/{rel}","templated":true}]}}