{"id":12326,"date":"2025-02-27T15:17:20","date_gmt":"2025-02-27T18:17:20","guid":{"rendered":"https:\/\/laserenaradio.cl\/web\/?p=12326"},"modified":"2025-02-27T15:17:20","modified_gmt":"2025-02-27T18:17:20","slug":"se-registro-nuevo-corte-de-luz-en-region-metropolitana-afecta-a-44-mil-clientes","status":"publish","type":"post","link":"https:\/\/laserenaradio.cl\/web\/2025\/02\/27\/se-registro-nuevo-corte-de-luz-en-region-metropolitana-afecta-a-44-mil-clientes\/","title":{"rendered":"Se registr\u00f3 nuevo corte de luz en Regi\u00f3n Metropolitana: afecta a 44 mil clientes."},"content":{"rendered":"<p><b>Este jueves, se report\u00f3 un nuevo corte de luz en la regi\u00f3n metropolitana afectando a aproximadamente 44 mil clientes, principalmente en las comunas de Til Til, Colina y Lampa<\/b><!--more-->.<\/p>\n<p>Seg\u00fan Enel Distribuci\u00f3n, el corte es debido a una falla de alta tensi\u00f3n no atribuible a la empresa.<\/p>\n<p>&#8220;Se mantiene coordinaci\u00f3n para recuperar el servicio a los clientes con toda prontitud&#8221;, coment\u00f3 la compa\u00f1\u00eda.<\/p>\n<p>Hasta el momento, las causas exactas del corte el\u00e9ctrico est\u00e1n en investigaci\u00f3n.<\/p>\n","protected":false},"excerpt":{"rendered":"<p>Este jueves, se report\u00f3 un nuevo corte de luz en la regi\u00f3n metropolitana afectando a aproximadamente 44 mil clientes, principalmente en las comunas de Til Til, Colina y Lampa<\/p>\n","protected":false},"author":2,"featured_media":12325,"comment_status":"closed","ping_status":"open","sticky":false,"template":"","format":"standard","meta":{"_jetpack_memberships_contains_paid_content":false,"jnews-multi-image_gallery":[],"jnews_single_post":[],"jnews_primary_category":[],"jnews_social_meta":[],"jnews_paywall_metabox":[],"jnews_review":[],"enable_review":"","type":"","name":"","summary":"","brand":"","sku":"","good":[],"bad":[],"score_override":"","override_value":"","rating":[],"price":[],"jnews_override_counter":[],"jnews_post_split":[],"footnotes":""},"categories":[21],"tags":[],"class_list":["post-12326","post","type-post","status-publish","format-standard","has-post-thumbnail","hentry","category-nacional"],"jetpack_featured_media_url":"https:\/\/laserenaradio.cl\/web\/wp-content\/uploads\/2025\/02\/homepiaiextractoscrapimg_webpcorteclientesnuevoluz_0.webp","jetpack_sharing_enabled":true,"_links":{"self":[{"href":"https:\/\/laserenaradio.cl\/web\/wp-json\/wp\/v2\/posts\/12326","targetHints":{"allow":["GET"]}}],"collection":[{"href":"https:\/\/laserenaradio.cl\/web\/wp-json\/wp\/v2\/posts"}],"about":[{"href":"https:\/\/laserenaradio.cl\/web\/wp-json\/wp\/v2\/types\/post"}],"author":[{"embeddable":true,"href":"https:\/\/laserenaradio.cl\/web\/wp-json\/wp\/v2\/users\/2"}],"replies":[{"embeddable":true,"href":"https:\/\/laserenaradio.cl\/web\/wp-json\/wp\/v2\/comments?post=12326"}],"version-history":[{"count":1,"href":"https:\/\/laserenaradio.cl\/web\/wp-json\/wp\/v2\/posts\/12326\/revisions"}],"predecessor-version":[{"id":12327,"href":"https:\/\/laserenaradio.cl\/web\/wp-json\/wp\/v2\/posts\/12326\/revisions\/12327"}],"wp:featuredmedia":[{"embeddable":true,"href":"https:\/\/laserenaradio.cl\/web\/wp-json\/wp\/v2\/media\/12325"}],"wp:attachment":[{"href":"https:\/\/laserenaradio.cl\/web\/wp-json\/wp\/v2\/media?parent=12326"}],"wp:term":[{"taxonomy":"category","embeddable":true,"href":"https:\/\/laserenaradio.cl\/web\/wp-json\/wp\/v2\/categories?post=12326"},{"taxonomy":"post_tag","embeddable":true,"href":"https:\/\/laserenaradio.cl\/web\/wp-json\/wp\/v2\/tags?post=12326"}],"curies":[{"name":"wp","href":"https:\/\/api.w.org\/{rel}","templated":true}]}}