{"id":12323,"date":"2025-02-27T15:15:32","date_gmt":"2025-02-27T18:15:32","guid":{"rendered":"https:\/\/laserenaradio.cl\/web\/?p=12323"},"modified":"2025-02-27T15:15:32","modified_gmt":"2025-02-27T18:15:32","slug":"hallazgo-de-cuerpo-sin-vida-en-sector-de-huachalalume-de-la-serena","status":"publish","type":"post","link":"https:\/\/laserenaradio.cl\/web\/2025\/02\/27\/hallazgo-de-cuerpo-sin-vida-en-sector-de-huachalalume-de-la-serena\/","title":{"rendered":"Hallazgo de cuerpo sin vida en sector de Huachalalume de La Serena"},"content":{"rendered":"<p><b>El equipo de Seguridad Ciudadana de La Serena, en la regi\u00f3n de Coquimbo, realiz\u00f3 un patrullaje preventivo durante la tarde del mi\u00e9rcoles y fue alertado sobre una persona presuntamente fallecida en Huachalalume<\/b><!--more-->.<\/p>\n<p>Los funcionarios municipales confirmaron que se trataba de un hombre sin ropa superior, encontr\u00e1ndolo en un cerro con acceso restringido.<\/p>\n<p>Gonzalo Arceu, director de Seguridad Ciudadana del municipio, se\u00f1al\u00f3: &#8220;Con nuestra camioneta de seguridad, pudimos detectar r\u00e1pidamente que efectivamente hab\u00eda una persona fallecida&#8221;.<\/p>\n<p>Los crianceros de la zona fueron los primeros en descubrir el cuerpo y avisar a las autoridades.<\/p>\n<p><a href=\"https:\/\/www.carabineros.cl\/\">Carabineros<\/a> est\u00e1 llevando a cabo las primeras pericias para determinar si hubo intervenci\u00f3n externa en el deceso..<\/p>\n","protected":false},"excerpt":{"rendered":"<p>El equipo de Seguridad Ciudadana de La Serena, en la regi\u00f3n de Coquimbo, realiz\u00f3 un patrullaje preventivo durante la tarde del mi\u00e9rcoles y fue alertado sobre una persona presuntamente fallecida en Huachalalume<\/p>\n","protected":false},"author":2,"featured_media":12322,"comment_status":"closed","ping_status":"open","sticky":false,"template":"","format":"standard","meta":{"_jetpack_memberships_contains_paid_content":false,"jnews-multi-image_gallery":[],"jnews_single_post":[],"jnews_primary_category":[],"jnews_social_meta":[],"jnews_paywall_metabox":[],"jnews_review":[],"enable_review":"","type":"","name":"","summary":"","brand":"","sku":"","good":[],"bad":[],"score_override":"","override_value":"","rating":[],"price":[],"jnews_override_counter":[],"jnews_post_split":[],"footnotes":""},"categories":[21],"tags":[],"class_list":["post-12323","post","type-post","status-publish","format-standard","has-post-thumbnail","hentry","category-nacional"],"jetpack_featured_media_url":"https:\/\/laserenaradio.cl\/web\/wp-content\/uploads\/2025\/02\/homepiaiextractoscrapimg_predeterminadalaserenaradio_nacional-7.webp","jetpack_sharing_enabled":true,"_links":{"self":[{"href":"https:\/\/laserenaradio.cl\/web\/wp-json\/wp\/v2\/posts\/12323","targetHints":{"allow":["GET"]}}],"collection":[{"href":"https:\/\/laserenaradio.cl\/web\/wp-json\/wp\/v2\/posts"}],"about":[{"href":"https:\/\/laserenaradio.cl\/web\/wp-json\/wp\/v2\/types\/post"}],"author":[{"embeddable":true,"href":"https:\/\/laserenaradio.cl\/web\/wp-json\/wp\/v2\/users\/2"}],"replies":[{"embeddable":true,"href":"https:\/\/laserenaradio.cl\/web\/wp-json\/wp\/v2\/comments?post=12323"}],"version-history":[{"count":1,"href":"https:\/\/laserenaradio.cl\/web\/wp-json\/wp\/v2\/posts\/12323\/revisions"}],"predecessor-version":[{"id":12324,"href":"https:\/\/laserenaradio.cl\/web\/wp-json\/wp\/v2\/posts\/12323\/revisions\/12324"}],"wp:featuredmedia":[{"embeddable":true,"href":"https:\/\/laserenaradio.cl\/web\/wp-json\/wp\/v2\/media\/12322"}],"wp:attachment":[{"href":"https:\/\/laserenaradio.cl\/web\/wp-json\/wp\/v2\/media?parent=12323"}],"wp:term":[{"taxonomy":"category","embeddable":true,"href":"https:\/\/laserenaradio.cl\/web\/wp-json\/wp\/v2\/categories?post=12323"},{"taxonomy":"post_tag","embeddable":true,"href":"https:\/\/laserenaradio.cl\/web\/wp-json\/wp\/v2\/tags?post=12323"}],"curies":[{"name":"wp","href":"https:\/\/api.w.org\/{rel}","templated":true}]}}