{"id":12317,"date":"2025-02-27T13:42:08","date_gmt":"2025-02-27T16:42:08","guid":{"rendered":"https:\/\/laserenaradio.cl\/web\/?p=12317"},"modified":"2025-02-27T13:42:08","modified_gmt":"2025-02-27T16:42:08","slug":"denuncian-abuso-policial-contra-un-menor-mapuche-en-padre-las-casas","status":"publish","type":"post","link":"https:\/\/laserenaradio.cl\/web\/2025\/02\/27\/denuncian-abuso-policial-contra-un-menor-mapuche-en-padre-las-casas\/","title":{"rendered":"Denuncian abuso policial contra un menor mapuche en Padre Las Casas"},"content":{"rendered":"<p><b>Los integrantes de la comunidad mapuche del Lof Maquehue denuncian a <a href=\"https:\/\/www.carabineros.cl\/\">Carabineros<\/a> de la Tercera Comisar\u00eda de Padre Las Casas por golpear a un menor de edad con una pistola en la cabeza y propinarle un golpe con los pies durante un procedimiento policial<\/b><!--more-->.<\/p>\n<p>La denuncia se extiende por redes sociales, mediante un video grabado por uno de sus miembros, pidiendo que las autoridades tomen medidas.<\/p>\n<p>La Oficina Local de la Ni\u00f1ez de Padre Las Casas recibi\u00f3 la denuncia y est\u00e1 evaluando los pasos a seguir.<\/p>\n<p>Federico Aguirre, director regional del Instituto Nacional de Derechos Humanos (INDH) en La Araucan\u00eda, expres\u00f3 su preocupaci\u00f3n sobre el caso.<\/p>\n<p>&#8220;Esto es una materia de especial preocupaci\u00f3n, se trata de ni\u00f1os, de un grupo de especial protecci\u00f3n y por eso vamos a levantar y profundizar en los testimonios la pr\u00f3xima semana&#8221;, se\u00f1al\u00f3.<\/p>\n<p>El general de <a href=\"https:\/\/www.carabineros.cl\/\">Carabineros<\/a> de La Araucan\u00eda ya est\u00e1 al tanto del asunto y se espera que presente antecedentes sobre el incidente.<\/p>\n","protected":false},"excerpt":{"rendered":"<p>Los integrantes de la comunidad mapuche del Lof Maquehue denuncian a Carabineros de la Tercera Comisar\u00eda de Padre Las Casas por golpear a un menor de edad con una pistola en la cabeza y propinarle un golpe con los pies durante un procedimiento policial<\/p>\n","protected":false},"author":2,"featured_media":12316,"comment_status":"closed","ping_status":"open","sticky":false,"template":"","format":"standard","meta":{"_jetpack_memberships_contains_paid_content":false,"jnews-multi-image_gallery":[],"jnews_single_post":[],"jnews_primary_category":[],"jnews_social_meta":[],"jnews_paywall_metabox":[],"jnews_review":[],"enable_review":"","type":"","name":"","summary":"","brand":"","sku":"","good":[],"bad":[],"score_override":"","override_value":"","rating":[],"price":[],"jnews_override_counter":[],"jnews_post_split":[],"footnotes":""},"categories":[21],"tags":[],"class_list":["post-12317","post","type-post","status-publish","format-standard","has-post-thumbnail","hentry","category-nacional"],"jetpack_featured_media_url":"https:\/\/laserenaradio.cl\/web\/wp-content\/uploads\/2025\/02\/homepiaiextractoscrapimg_webpDenuncianPadre_1.webp","jetpack_sharing_enabled":true,"_links":{"self":[{"href":"https:\/\/laserenaradio.cl\/web\/wp-json\/wp\/v2\/posts\/12317","targetHints":{"allow":["GET"]}}],"collection":[{"href":"https:\/\/laserenaradio.cl\/web\/wp-json\/wp\/v2\/posts"}],"about":[{"href":"https:\/\/laserenaradio.cl\/web\/wp-json\/wp\/v2\/types\/post"}],"author":[{"embeddable":true,"href":"https:\/\/laserenaradio.cl\/web\/wp-json\/wp\/v2\/users\/2"}],"replies":[{"embeddable":true,"href":"https:\/\/laserenaradio.cl\/web\/wp-json\/wp\/v2\/comments?post=12317"}],"version-history":[{"count":1,"href":"https:\/\/laserenaradio.cl\/web\/wp-json\/wp\/v2\/posts\/12317\/revisions"}],"predecessor-version":[{"id":12318,"href":"https:\/\/laserenaradio.cl\/web\/wp-json\/wp\/v2\/posts\/12317\/revisions\/12318"}],"wp:featuredmedia":[{"embeddable":true,"href":"https:\/\/laserenaradio.cl\/web\/wp-json\/wp\/v2\/media\/12316"}],"wp:attachment":[{"href":"https:\/\/laserenaradio.cl\/web\/wp-json\/wp\/v2\/media?parent=12317"}],"wp:term":[{"taxonomy":"category","embeddable":true,"href":"https:\/\/laserenaradio.cl\/web\/wp-json\/wp\/v2\/categories?post=12317"},{"taxonomy":"post_tag","embeddable":true,"href":"https:\/\/laserenaradio.cl\/web\/wp-json\/wp\/v2\/tags?post=12317"}],"curies":[{"name":"wp","href":"https:\/\/api.w.org\/{rel}","templated":true}]}}