{"id":12314,"date":"2025-02-26T20:32:04","date_gmt":"2025-02-26T23:32:04","guid":{"rendered":"https:\/\/laserenaradio.cl\/web\/?p=12314"},"modified":"2025-02-26T20:32:04","modified_gmt":"2025-02-26T23:32:04","slug":"la-ministra-etcheverry-respondio-a-evelyn-matthei-sobre-el-megacorte-al-suministro-electrico-en-chile","status":"publish","type":"post","link":"https:\/\/laserenaradio.cl\/web\/2025\/02\/26\/la-ministra-etcheverry-respondio-a-evelyn-matthei-sobre-el-megacorte-al-suministro-electrico-en-chile\/","title":{"rendered":"La ministra Etcheverry respondi\u00f3 a Evelyn Matthei sobre el megacorte al suministro el\u00e9ctrico en Chile"},"content":{"rendered":"<p><b>Ais\u00e9n Etcheverry, ministra vocera del Gobierno, respondi\u00f3 a Evelyn Matthei, candidata presidencial por UDI y RN, sobre el megacorte el\u00e9ctrico que afect\u00f3 regiones desde Arica y Parinacota hasta Los Lagos<\/b><!--more-->.<\/p>\n<p>La exjefa edilicia critic\u00f3 la vulnerabilidad del servicio el\u00e9ctrico, atribuy\u00e9ndola a la falta de inversi\u00f3n generada por lo que llam\u00f3 \u201cpermisolog\u00eda\u201d del actual Gobierno.<\/p>\n<p>En contraste, Etcheverry afirm\u00f3 que las inversiones en energ\u00eda han aumentado un 33% comparando los \u00faltimos tres a\u00f1os con el primer per\u00edodo gubernamental anterior.<\/p>\n<p>Asimismo, se\u00f1al\u00f3 que la oposici\u00f3n ha publicado informaci\u00f3n confusa en redes sociales, utilizando como ejemplo la materia de pensiones.<\/p>\n<p>La ministra tambi\u00e9n record\u00f3 que no se ha confirmado oficialmente la muerte de personas electrodependientes durante el corte y reiter\u00f3 que \u201cno corresponde utilizar el sufrimiento de las personas para tener r\u00e9ditos electorales\u201d.<\/p>\n<p>En este sentido, Etcheverry subray\u00f3 la necesidad del Gobierno de investigar y aplicar sanciones a quienes resulten responsables.<\/p>\n<p>\u201cEsperamos realmente que los ego ideol\u00f3gicos de la candidata Matthei no le impidan ver que aqu\u00ed hay que hacer lo que corresponde: investigar y hacer valer la responsabilidad de las empresas\u201d, concluy\u00f3 Etcheverry, quien tambi\u00e9n es titular de Ciencias.<\/p>\n","protected":false},"excerpt":{"rendered":"<p>Ais\u00e9n Etcheverry, ministra vocera del Gobierno, respondi\u00f3 a Evelyn Matthei, candidata presidencial por UDI y RN, sobre el megacorte el\u00e9ctrico que afect\u00f3 regiones desde Arica y Parinacota hasta Los Lagos<\/p>\n","protected":false},"author":2,"featured_media":12313,"comment_status":"closed","ping_status":"open","sticky":false,"template":"","format":"standard","meta":{"_jetpack_memberships_contains_paid_content":false,"jnews-multi-image_gallery":[],"jnews_single_post":[],"jnews_primary_category":[],"jnews_social_meta":[],"jnews_paywall_metabox":[],"jnews_review":[],"enable_review":"","type":"","name":"","summary":"","brand":"","sku":"","good":[],"bad":[],"score_override":"","override_value":"","rating":[],"price":[],"jnews_override_counter":[],"jnews_post_split":[],"footnotes":""},"categories":[83],"tags":[],"class_list":["post-12314","post","type-post","status-publish","format-standard","has-post-thumbnail","hentry","category-politica"],"jetpack_featured_media_url":"https:\/\/laserenaradio.cl\/web\/wp-content\/uploads\/2025\/02\/homepiaiextractoscrapimg_webpEtcheverryministraGobiernoEvelynMatthei_1.webp","jetpack_sharing_enabled":true,"_links":{"self":[{"href":"https:\/\/laserenaradio.cl\/web\/wp-json\/wp\/v2\/posts\/12314","targetHints":{"allow":["GET"]}}],"collection":[{"href":"https:\/\/laserenaradio.cl\/web\/wp-json\/wp\/v2\/posts"}],"about":[{"href":"https:\/\/laserenaradio.cl\/web\/wp-json\/wp\/v2\/types\/post"}],"author":[{"embeddable":true,"href":"https:\/\/laserenaradio.cl\/web\/wp-json\/wp\/v2\/users\/2"}],"replies":[{"embeddable":true,"href":"https:\/\/laserenaradio.cl\/web\/wp-json\/wp\/v2\/comments?post=12314"}],"version-history":[{"count":1,"href":"https:\/\/laserenaradio.cl\/web\/wp-json\/wp\/v2\/posts\/12314\/revisions"}],"predecessor-version":[{"id":12315,"href":"https:\/\/laserenaradio.cl\/web\/wp-json\/wp\/v2\/posts\/12314\/revisions\/12315"}],"wp:featuredmedia":[{"embeddable":true,"href":"https:\/\/laserenaradio.cl\/web\/wp-json\/wp\/v2\/media\/12313"}],"wp:attachment":[{"href":"https:\/\/laserenaradio.cl\/web\/wp-json\/wp\/v2\/media?parent=12314"}],"wp:term":[{"taxonomy":"category","embeddable":true,"href":"https:\/\/laserenaradio.cl\/web\/wp-json\/wp\/v2\/categories?post=12314"},{"taxonomy":"post_tag","embeddable":true,"href":"https:\/\/laserenaradio.cl\/web\/wp-json\/wp\/v2\/tags?post=12314"}],"curies":[{"name":"wp","href":"https:\/\/api.w.org\/{rel}","templated":true}]}}