{"id":12311,"date":"2025-02-26T20:26:46","date_gmt":"2025-02-26T23:26:46","guid":{"rendered":"https:\/\/laserenaradio.cl\/web\/?p=12311"},"modified":"2025-02-26T20:26:46","modified_gmt":"2025-02-26T23:26:46","slug":"gobierno-criticado-por-alcaldes-tras-megacorte-de-luz-en-chile","status":"publish","type":"post","link":"https:\/\/laserenaradio.cl\/web\/2025\/02\/26\/gobierno-criticado-por-alcaldes-tras-megacorte-de-luz-en-chile\/","title":{"rendered":"Gobierno criticado por alcaldes tras megacorte de luz en Chile"},"content":{"rendered":"<p><b>Los alcaldes de Santiago y \u00d1u\u00f1oa, Mario Desbordes y Sebasti\u00e1n Sichel, respectivamente, criticaron al Gobierno tras el megacorte de luz que afect\u00f3 gran parte del pa\u00eds<\/b><!--more-->.<\/p>\n<p>En particular, Sichel se\u00f1al\u00f3 la falta de informaci\u00f3n local: &#8220;Lo malo, el Gobierno, completamente perdido en la informaci\u00f3n, deben bajar la informaci\u00f3n a nivel local&#8221;.<\/p>\n<p>Seg\u00fan \u00e9l, &#8220;esto no se trata de estar indignados, sino de hacer gesti\u00f3n. Los municipios reaccionamos solos y a tiempo, pero no puede haber este nivel de desinformaci\u00f3n en crisis como esta&#8221;.<\/p>\n<p>Por su parte, Desbordes sostuvo que el Gobierno &#8220;no puede pretender escudarse en que una empresa tuvo un problema para que eso sea la causal de que se caiga Chile entero&#8221;.<\/p>\n<p>Adem\u00e1s, afirm\u00f3: &#8220;Este Gobierno es responsable de no haber avanzado un mil\u00edmetro en reforzar el sistema, tener una nueva carretera el\u00e9ctrica, por razones estrictamente ideol\u00f3gicas&#8221;.<\/p>\n<p>Sostuvo que &#8220;la raz\u00f3n de lo que sucedi\u00f3 ayer es que no se ha invertido en mucho rato y es porque esto est\u00e1 frenado por grupos de inter\u00e9s que se oponen a todo tipo de inversiones, la famosa permisolog\u00eda&#8221;.<\/p>\n<p>Estas declaraciones reflejan la preocupaci\u00f3n sobre el estado del sistema el\u00e9ctrico y las decisiones gubernamentales que podr\u00edan haber contribuido al corte generalizado de luz en el pa\u00eds.<\/p>\n","protected":false},"excerpt":{"rendered":"<p>Los alcaldes de Santiago y \u00d1u\u00f1oa, Mario Desbordes y Sebasti\u00e1n Sichel, respectivamente, criticaron al Gobierno tras el megacorte de luz que afect\u00f3 gran parte del pa\u00eds<\/p>\n","protected":false},"author":2,"featured_media":12310,"comment_status":"closed","ping_status":"open","sticky":false,"template":"","format":"standard","meta":{"_jetpack_memberships_contains_paid_content":false,"jnews-multi-image_gallery":[],"jnews_single_post":[],"jnews_primary_category":[],"jnews_social_meta":[],"jnews_paywall_metabox":[],"jnews_review":[],"enable_review":"","type":"","name":"","summary":"","brand":"","sku":"","good":[],"bad":[],"score_override":"","override_value":"","rating":[],"price":[],"jnews_override_counter":[],"jnews_post_split":[],"footnotes":""},"categories":[83],"tags":[],"class_list":["post-12311","post","type-post","status-publish","format-standard","has-post-thumbnail","hentry","category-politica"],"jetpack_featured_media_url":"https:\/\/laserenaradio.cl\/web\/wp-content\/uploads\/2025\/02\/homepiaiextractoscrapimg_predeterminadalaserenaradio_politica-1.webp","jetpack_sharing_enabled":true,"_links":{"self":[{"href":"https:\/\/laserenaradio.cl\/web\/wp-json\/wp\/v2\/posts\/12311","targetHints":{"allow":["GET"]}}],"collection":[{"href":"https:\/\/laserenaradio.cl\/web\/wp-json\/wp\/v2\/posts"}],"about":[{"href":"https:\/\/laserenaradio.cl\/web\/wp-json\/wp\/v2\/types\/post"}],"author":[{"embeddable":true,"href":"https:\/\/laserenaradio.cl\/web\/wp-json\/wp\/v2\/users\/2"}],"replies":[{"embeddable":true,"href":"https:\/\/laserenaradio.cl\/web\/wp-json\/wp\/v2\/comments?post=12311"}],"version-history":[{"count":1,"href":"https:\/\/laserenaradio.cl\/web\/wp-json\/wp\/v2\/posts\/12311\/revisions"}],"predecessor-version":[{"id":12312,"href":"https:\/\/laserenaradio.cl\/web\/wp-json\/wp\/v2\/posts\/12311\/revisions\/12312"}],"wp:featuredmedia":[{"embeddable":true,"href":"https:\/\/laserenaradio.cl\/web\/wp-json\/wp\/v2\/media\/12310"}],"wp:attachment":[{"href":"https:\/\/laserenaradio.cl\/web\/wp-json\/wp\/v2\/media?parent=12311"}],"wp:term":[{"taxonomy":"category","embeddable":true,"href":"https:\/\/laserenaradio.cl\/web\/wp-json\/wp\/v2\/categories?post=12311"},{"taxonomy":"post_tag","embeddable":true,"href":"https:\/\/laserenaradio.cl\/web\/wp-json\/wp\/v2\/tags?post=12311"}],"curies":[{"name":"wp","href":"https:\/\/api.w.org\/{rel}","templated":true}]}}