{"id":12308,"date":"2025-02-26T20:01:00","date_gmt":"2025-02-26T23:01:00","guid":{"rendered":"https:\/\/laserenaradio.cl\/web\/?p=12308"},"modified":"2025-02-26T20:01:00","modified_gmt":"2025-02-26T23:01:00","slug":"jadue-estoy-disponible-para-ser-candidato-presidencial","status":"publish","type":"post","link":"https:\/\/laserenaradio.cl\/web\/2025\/02\/26\/jadue-estoy-disponible-para-ser-candidato-presidencial\/","title":{"rendered":"Jadue: &#8220;Estoy disponible para ser candidato presidencial&#8221;"},"content":{"rendered":"<p><b>El exalcalde de Recoleta, Daniel Jadue (PC), ha expresado su disposici\u00f3n para asumir un nuevo desaf\u00edo presidencial<\/b><!--more-->.<\/p>\n<p>En conversaci\u00f3n con el programa &#8220;Stock Disponible&#8221;, Jadue coment\u00f3 que hace meses un grupo de militantes del Partido Comunista, encabezados por Manuel Riesco, le propusieron levantar una candidatura independiente. Sin embargo, el exjefe comunal declin\u00f3 la oferta, ya que prefiere ser el abanderado oficial de su partido.<\/p>\n<p>&#8220;Vinieron aqu\u00ed a pedirme que renuncie para poder quedar en calidad de independiente y levantar una candidatura&#8221;, se\u00f1al\u00f3 Jadue.<\/p>\n<p>&#8220;Y yo, estando disponible para ser candidato presidencial, vuelvo a insistir: los liderazgos eligen los pueblos de Chile y los pueblos movilizados. Yo no estar\u00eda dispuesto a renunciar salvo que el partido tomara la decisi\u00f3n de liberarme, pero no es una decisi\u00f3n de mi partido&#8221;, a\u00f1adi\u00f3.<\/p>\n<p>Esta declaraci\u00f3n fue respaldada por Lautaro Carmona, timonel del PC, quien afirm\u00f3 que las posiciones de Jadue &#8220;no debilitan su compromiso con jugar un papel en la propuesta de un movimiento social, popular y transformador&#8221;.<\/p>\n<p>Carmona tambi\u00e9n coment\u00f3 que &#8220;puede haber m\u00e1s personas que tengan esa disposici\u00f3n&#8221; dentro del partido.<\/p>\n<p>Las declaraciones de Jadue y Carmona se dan en la antesala del comit\u00e9 central que el Partido Comunista realizar\u00e1 el s\u00e1bado 1 de marzo.<\/p>\n","protected":false},"excerpt":{"rendered":"<p>El exalcalde de Recoleta, Daniel Jadue (PC), ha expresado su disposici\u00f3n para asumir un nuevo desaf\u00edo presidencial<\/p>\n","protected":false},"author":2,"featured_media":12307,"comment_status":"closed","ping_status":"open","sticky":false,"template":"","format":"standard","meta":{"_jetpack_memberships_contains_paid_content":false,"jnews-multi-image_gallery":[],"jnews_single_post":[],"jnews_primary_category":[],"jnews_social_meta":[],"jnews_paywall_metabox":[],"jnews_review":[],"enable_review":"","type":"","name":"","summary":"","brand":"","sku":"","good":[],"bad":[],"score_override":"","override_value":"","rating":[],"price":[],"jnews_override_counter":[],"jnews_post_split":[],"footnotes":""},"categories":[83],"tags":[],"class_list":["post-12308","post","type-post","status-publish","format-standard","has-post-thumbnail","hentry","category-politica"],"jetpack_featured_media_url":"https:\/\/laserenaradio.cl\/web\/wp-content\/uploads\/2025\/02\/homepiaiextractoscrapimg_webpJaduepartidopresidencialPartidoComunista_0.webp","jetpack_sharing_enabled":true,"_links":{"self":[{"href":"https:\/\/laserenaradio.cl\/web\/wp-json\/wp\/v2\/posts\/12308","targetHints":{"allow":["GET"]}}],"collection":[{"href":"https:\/\/laserenaradio.cl\/web\/wp-json\/wp\/v2\/posts"}],"about":[{"href":"https:\/\/laserenaradio.cl\/web\/wp-json\/wp\/v2\/types\/post"}],"author":[{"embeddable":true,"href":"https:\/\/laserenaradio.cl\/web\/wp-json\/wp\/v2\/users\/2"}],"replies":[{"embeddable":true,"href":"https:\/\/laserenaradio.cl\/web\/wp-json\/wp\/v2\/comments?post=12308"}],"version-history":[{"count":1,"href":"https:\/\/laserenaradio.cl\/web\/wp-json\/wp\/v2\/posts\/12308\/revisions"}],"predecessor-version":[{"id":12309,"href":"https:\/\/laserenaradio.cl\/web\/wp-json\/wp\/v2\/posts\/12308\/revisions\/12309"}],"wp:featuredmedia":[{"embeddable":true,"href":"https:\/\/laserenaradio.cl\/web\/wp-json\/wp\/v2\/media\/12307"}],"wp:attachment":[{"href":"https:\/\/laserenaradio.cl\/web\/wp-json\/wp\/v2\/media?parent=12308"}],"wp:term":[{"taxonomy":"category","embeddable":true,"href":"https:\/\/laserenaradio.cl\/web\/wp-json\/wp\/v2\/categories?post=12308"},{"taxonomy":"post_tag","embeddable":true,"href":"https:\/\/laserenaradio.cl\/web\/wp-json\/wp\/v2\/tags?post=12308"}],"curies":[{"name":"wp","href":"https:\/\/api.w.org\/{rel}","templated":true}]}}