{"id":12305,"date":"2025-02-26T19:27:58","date_gmt":"2025-02-26T22:27:58","guid":{"rendered":"https:\/\/laserenaradio.cl\/web\/?p=12305"},"modified":"2025-02-26T19:27:58","modified_gmt":"2025-02-26T22:27:58","slug":"noticia-la-camara-de-comercio-de-santiago-ccs-critica-el-apagon-masivo-en-la-region","status":"publish","type":"post","link":"https:\/\/laserenaradio.cl\/web\/2025\/02\/26\/noticia-la-camara-de-comercio-de-santiago-ccs-critica-el-apagon-masivo-en-la-region\/","title":{"rendered":"Noticia: La C\u00e1mara de Comercio de Santiago (CCS) critica el apag\u00f3n masivo en la regi\u00f3n"},"content":{"rendered":"<p><b>La C\u00e1mara de Comercio de Santiago (CCS) ha manifestado su preocupaci\u00f3n por el masivo corte el\u00e9ctrico reciente, un evento que gener\u00f3 un impacto significativo en la movilidad, el comercio y las actividades diarias de los residentes<\/b><!--more-->.<\/p>\n<p>Este episodio ha llevado a la organizaci\u00f3n a enfatizar la necesidad de fortalecer protocolos para reducir el impacto de tales contingencias en la actividad econ\u00f3mica y garantizar la estabilidad operativa del comercio.<\/p>\n<p>A trav\u00e9s de un comunicado, la CCS ha indicado que el apag\u00f3n tuvo un efecto adverso en los peque\u00f1os comercios que no disponen de equipos generadores de respaldo.<\/p>\n<p>Estos negocios se vieron obligados a finalizar sus horarios laborales antes del habitual, afectando considerablemente su facturaci\u00f3n.<\/p>\n<p>Seg\u00fan la organizaci\u00f3n, este corte de luz result\u00f3 en una reducci\u00f3n aproximada de ventas de US$ 20 millones, equivalentes al 0,4% del total proyectado para el mes de febrero.<\/p>\n<p>Carlos Soublette, gerente general de la CCS, declar\u00f3 que &#8220;aunque el huso horario permiti\u00f3 a algunos rubros continuar funcionando parcialmente, la interrupci\u00f3n del suministro el\u00e9ctrico oblig\u00f3 a supermercados y centros comerciales a operar con sistemas de generaci\u00f3n propia, lo cual les permiti\u00f3 mantener ciertos niveles de actividad&#8221;.<\/p>\n<p>Sin embargo, Soublette agreg\u00f3 que &#8220;la mayor\u00eda decidi\u00f3 adelantar sus horarios de cierre para priorizar el regreso seguro de sus trabajadores&#8221;, lo que impact\u00f3 negativamente el desempe\u00f1o del sector.<\/p>\n<p>La CCS asegura que es fundamental fortalecer los protocolos de contingencia para minimizar el impacto de eventos similares en la actividad econ\u00f3mica y garantizar que el comercio pueda operar con mayor estabilidad y seguridad.<\/p>\n<p>Asimismo, subraya la importancia de incrementar la inversi\u00f3n en infraestructuras m\u00e1s resilientes, que permitan recuperar r\u00e1pidamente el suministro el\u00e9ctrico y beneficien tanto a la poblaci\u00f3n como al sector productivo.<\/p>\n<p>Finalmente, la C\u00e1mara de Comercio continuar\u00e1 monitoreando la situaci\u00f3n y trabajando junto a las autoridades y empresas afectadas para evaluar medidas que fortalezcan la resiliencia del comercio ante interrupciones de esta magnitud.<\/p>\n","protected":false},"excerpt":{"rendered":"<p>La C\u00e1mara de Comercio de Santiago (CCS) ha manifestado su preocupaci\u00f3n por el masivo corte el\u00e9ctrico reciente, un evento que gener\u00f3 un impacto significativo en la movilidad, el comercio y las actividades diarias de los residentes<\/p>\n","protected":false},"author":2,"featured_media":12304,"comment_status":"closed","ping_status":"open","sticky":false,"template":"","format":"standard","meta":{"_jetpack_memberships_contains_paid_content":false,"jnews-multi-image_gallery":[],"jnews_single_post":[],"jnews_primary_category":[],"jnews_social_meta":[],"jnews_paywall_metabox":[],"jnews_review":[],"enable_review":"","type":"","name":"","summary":"","brand":"","sku":"","good":[],"bad":[],"score_override":"","override_value":"","rating":[],"price":[],"jnews_override_counter":[],"jnews_post_split":[],"footnotes":""},"categories":[21],"tags":[],"class_list":["post-12305","post","type-post","status-publish","format-standard","has-post-thumbnail","hentry","category-nacional"],"jetpack_featured_media_url":"https:\/\/laserenaradio.cl\/web\/wp-content\/uploads\/2025\/02\/homepiaiextractoscrapimg_webpcomercioComercioimpactoactividad_1.webp","jetpack_sharing_enabled":true,"_links":{"self":[{"href":"https:\/\/laserenaradio.cl\/web\/wp-json\/wp\/v2\/posts\/12305","targetHints":{"allow":["GET"]}}],"collection":[{"href":"https:\/\/laserenaradio.cl\/web\/wp-json\/wp\/v2\/posts"}],"about":[{"href":"https:\/\/laserenaradio.cl\/web\/wp-json\/wp\/v2\/types\/post"}],"author":[{"embeddable":true,"href":"https:\/\/laserenaradio.cl\/web\/wp-json\/wp\/v2\/users\/2"}],"replies":[{"embeddable":true,"href":"https:\/\/laserenaradio.cl\/web\/wp-json\/wp\/v2\/comments?post=12305"}],"version-history":[{"count":1,"href":"https:\/\/laserenaradio.cl\/web\/wp-json\/wp\/v2\/posts\/12305\/revisions"}],"predecessor-version":[{"id":12306,"href":"https:\/\/laserenaradio.cl\/web\/wp-json\/wp\/v2\/posts\/12305\/revisions\/12306"}],"wp:featuredmedia":[{"embeddable":true,"href":"https:\/\/laserenaradio.cl\/web\/wp-json\/wp\/v2\/media\/12304"}],"wp:attachment":[{"href":"https:\/\/laserenaradio.cl\/web\/wp-json\/wp\/v2\/media?parent=12305"}],"wp:term":[{"taxonomy":"category","embeddable":true,"href":"https:\/\/laserenaradio.cl\/web\/wp-json\/wp\/v2\/categories?post=12305"},{"taxonomy":"post_tag","embeddable":true,"href":"https:\/\/laserenaradio.cl\/web\/wp-json\/wp\/v2\/tags?post=12305"}],"curies":[{"name":"wp","href":"https:\/\/api.w.org\/{rel}","templated":true}]}}