{"id":12302,"date":"2025-02-26T18:06:32","date_gmt":"2025-02-26T21:06:32","guid":{"rendered":"https:\/\/laserenaradio.cl\/web\/?p=12302"},"modified":"2025-02-26T18:06:32","modified_gmt":"2025-02-26T21:06:32","slug":"sulantay-buscara-sancionar-responsablemente-al-megacorte-de-luz","status":"publish","type":"post","link":"https:\/\/laserenaradio.cl\/web\/2025\/02\/26\/sulantay-buscara-sancionar-responsablemente-al-megacorte-de-luz\/","title":{"rendered":"Sulantay buscar\u00e1 sancionar responsablemente al megacorte de luz"},"content":{"rendered":"<p><b>Durante la pr\u00f3xima semana, tras el receso legislativo, el presidente de la Comisi\u00f3n de Miner\u00eda y Energ\u00eda de la C\u00e1mara Baja, Marco Antonio Sulantay (UDI), solicitar\u00e1 una sesi\u00f3n especial para abordar el megacorte de luz<\/b><!--more-->.<\/p>\n<p>El parlamentario gremialista buscar\u00e1 citar al ministro de Energ\u00eda, Diego Pardow, para que explique las acciones y eventuales sanciones del gobierno.<\/p>\n<p>Adem\u00e1s, tambi\u00e9n invitar\u00e1 a la participaci\u00f3n del Coordinador El\u00e9ctrico Nacional y a ISA InterChile, responsable de la l\u00ednea donde se gener\u00f3 la falla.<\/p>\n<p>Sulantay lament\u00f3 el evento y anunci\u00f3 la iniciaci\u00f3n de acciones fiscalizadoras en el Congreso, como la presentaci\u00f3n de oficios y citaciones de otras autoridades para determinar posibles responsabilidades pol\u00edticas o administrativas.<\/p>\n<p>&#8220;Es indispensable investigar las eventuales responsabilidades que pudieron existir&#8221;, afirm\u00f3.<\/p>\n<p>Asimismo, Sulantay considera crucial acordar un plan de contingencia con las autoridades y las compa\u00f1\u00edas involucradas para mejorar la respuesta frente a futuros cortes de energ\u00eda.<\/p>\n<p>Tambi\u00e9n oficiar\u00e1n al <a href=\"https:\/\/www.sernac.cl\/\">Servicio Nacional del Consumidor<\/a> (Sernac) para evaluar si es necesario solicitar compensaciones por p\u00e9rdidas a clientes afectados.<\/p>\n<p>&#8220;Solo podemos dejar esta situaci\u00f3n en vano si no establecemos todas las sanciones administrativas necesarias y determinamos las posibles responsabilidades. Adem\u00e1s, exigiremos que se compense a todos los clientes afectados&#8221;, concluy\u00f3 el diputado UDI.<\/p>\n","protected":false},"excerpt":{"rendered":"<p>Durante la pr\u00f3xima semana, tras el receso legislativo, el presidente de la Comisi\u00f3n de Miner\u00eda y Energ\u00eda de la C\u00e1mara Baja, Marco Antonio Sulantay (UDI), solicitar\u00e1 una sesi\u00f3n especial para abordar el megacorte de luz<\/p>\n","protected":false},"author":2,"featured_media":12301,"comment_status":"closed","ping_status":"open","sticky":false,"template":"","format":"standard","meta":{"_jetpack_memberships_contains_paid_content":false,"jnews-multi-image_gallery":[],"jnews_single_post":[],"jnews_primary_category":[],"jnews_social_meta":[],"jnews_paywall_metabox":[],"jnews_review":[],"enable_review":"","type":"","name":"","summary":"","brand":"","sku":"","good":[],"bad":[],"score_override":"","override_value":"","rating":[],"price":[],"jnews_override_counter":[],"jnews_post_split":[],"footnotes":""},"categories":[83],"tags":[],"class_list":["post-12302","post","type-post","status-publish","format-standard","has-post-thumbnail","hentry","category-politica"],"jetpack_featured_media_url":"https:\/\/laserenaradio.cl\/web\/wp-content\/uploads\/2025\/02\/homepiaiextractoscrapimg_webpSulanatayresponsabilidades_0.webp","jetpack_sharing_enabled":true,"_links":{"self":[{"href":"https:\/\/laserenaradio.cl\/web\/wp-json\/wp\/v2\/posts\/12302","targetHints":{"allow":["GET"]}}],"collection":[{"href":"https:\/\/laserenaradio.cl\/web\/wp-json\/wp\/v2\/posts"}],"about":[{"href":"https:\/\/laserenaradio.cl\/web\/wp-json\/wp\/v2\/types\/post"}],"author":[{"embeddable":true,"href":"https:\/\/laserenaradio.cl\/web\/wp-json\/wp\/v2\/users\/2"}],"replies":[{"embeddable":true,"href":"https:\/\/laserenaradio.cl\/web\/wp-json\/wp\/v2\/comments?post=12302"}],"version-history":[{"count":1,"href":"https:\/\/laserenaradio.cl\/web\/wp-json\/wp\/v2\/posts\/12302\/revisions"}],"predecessor-version":[{"id":12303,"href":"https:\/\/laserenaradio.cl\/web\/wp-json\/wp\/v2\/posts\/12302\/revisions\/12303"}],"wp:featuredmedia":[{"embeddable":true,"href":"https:\/\/laserenaradio.cl\/web\/wp-json\/wp\/v2\/media\/12301"}],"wp:attachment":[{"href":"https:\/\/laserenaradio.cl\/web\/wp-json\/wp\/v2\/media?parent=12302"}],"wp:term":[{"taxonomy":"category","embeddable":true,"href":"https:\/\/laserenaradio.cl\/web\/wp-json\/wp\/v2\/categories?post=12302"},{"taxonomy":"post_tag","embeddable":true,"href":"https:\/\/laserenaradio.cl\/web\/wp-json\/wp\/v2\/tags?post=12302"}],"curies":[{"name":"wp","href":"https:\/\/api.w.org\/{rel}","templated":true}]}}