{"id":12298,"date":"2025-02-26T16:33:42","date_gmt":"2025-02-26T19:33:42","guid":{"rendered":"https:\/\/laserenaradio.cl\/web\/?p=12298"},"modified":"2025-02-26T18:04:05","modified_gmt":"2025-02-26T21:04:05","slug":"deportes-iquique-dio-el-batacazo-en-colombia","status":"publish","type":"post","link":"https:\/\/laserenaradio.cl\/web\/2025\/02\/26\/deportes-iquique-dio-el-batacazo-en-colombia\/","title":{"rendered":"Deportes Iquique dio el batacazo en Colombia"},"content":{"rendered":"<p><b>Fue ninguneado, pero call\u00f3 bocas: Deportes Iquique dio el batacazo en Colombia eliminando a Independiente de Santa Fe en la tanda de penales para acceder a la fase 3 de la Copa Libertadores 2025<\/b><!--more-->.<\/p>\n<p>Este triunfo coloca a los \u2018Dragones Celestes\u2019 a un paso de meterse por segunda vez en su historia en la fase de grupos del m\u00e1ximo certamen continental de clubes, donde enfrentar\u00e1n ahora a Alianza Lima.<\/p>\n<p>La figura de la noche fue el arquero Leandro Requena, quien despleg\u00f3 una notable actuaci\u00f3n bajo los tres palos.<\/p>\n<p>Su destacada performance incluy\u00f3 tapar dos lanzamientos desde los 11 metros, uno a Lucas R\u00edos y otro al experimentado Hugo Rodallega, siendo fundamental para el triunfo final en la tanda de penales.<\/p>\n<p>La explosi\u00f3n de j\u00fabilo se apoder\u00f3 del estadio en Iquique ante esta victoria hist\u00f3rica.<\/p>\n<p>La Confederaci\u00f3n Sudamericana de F\u00fatbol (Conmebol) tambi\u00e9n prest\u00f3 su atenci\u00f3n a la gran actuaci\u00f3n de Requena, destacando su desempe\u00f1o con el hashtag \u201c\u00a1El h\u00e9roe en Bogot\u00e1!\u201d.<\/p>\n<p>Adem\u00e1s, comparti\u00f3 un video resaltando sus intervenciones, totalizando cinco durante el partido y dos en los penales.<\/p>\n<p>Esta victoria asegur\u00f3 que Deportes Iquique contin\u00fae participando internacionalmente, aunque de perder ante Alianza Lima, seguir\u00e1n presente en la Copa Sudamericana.<\/p>\n\n\n<figure class=\"wp-block-embed is-type-rich is-provider-twitter wp-block-embed-twitter\"><div class=\"wp-block-embed__wrapper\">\n<blockquote class=\"twitter-tweet\" data-width=\"500\" data-dnt=\"true\"><p lang=\"es\" dir=\"ltr\">\u00a1Ya est\u00e1 aqu\u00ed! \ud83e\udd29 La tercera camiseta de <a href=\"https:\/\/twitter.com\/hashtag\/LosCruzados?src=hash&amp;ref_src=twsrc%5Etfw\">#LosCruzados<\/a> destaca en la cancha con un patr\u00f3n \u00fanico que conecta con los colores del escudo.<br><br>\u00a1S\u00e9 parte de esta nueva era! \u2728<br><br>\ud83d\udecd\ufe0f Ven por la tuya a <a href=\"https:\/\/t.co\/mrdnCXSzbE\">https:\/\/t.co\/mrdnCXSzbE<\/a> y <a href=\"https:\/\/twitter.com\/hashtag\/TiendaUC?src=hash&amp;ref_src=twsrc%5Etfw\">#TiendaUC<\/a> a partir de hoy. <a href=\"https:\/\/t.co\/5CRO8OyYSe\">pic.twitter.com\/5CRO8OyYSe<\/a><\/p>&mdash; Universidad Cat\u00f3lica (@Cruzados) <a href=\"https:\/\/twitter.com\/Cruzados\/status\/1892560017280139266?ref_src=twsrc%5Etfw\">February 20, 2025<\/a><\/blockquote><script async src=\"https:\/\/platform.twitter.com\/widgets.js\" charset=\"utf-8\"><\/script>\n<\/div><\/figure>\n","protected":false},"excerpt":{"rendered":"<p>Fue ninguneado, pero call\u00f3 bocas: Deportes Iquique dio el batacazo en Colombia eliminando a Independiente de Santa Fe en la tanda de penales para acceder a la fase 3 de la Copa Libertadores 2025<\/p>\n","protected":false},"author":2,"featured_media":12297,"comment_status":"closed","ping_status":"open","sticky":false,"template":"","format":"standard","meta":{"_jetpack_memberships_contains_paid_content":false,"jnews-multi-image_gallery":[],"jnews_single_post":{"format":"standard"},"jnews_primary_category":[],"jnews_social_meta":[],"jnews_paywall_metabox":[],"jnews_review":[],"enable_review":"","type":"","name":"","summary":"","brand":"","sku":"","good":[],"bad":[],"score_override":"","override_value":"","rating":[],"price":[],"jnews_override_counter":[],"jnews_post_split":[],"footnotes":""},"categories":[84],"tags":[],"class_list":["post-12298","post","type-post","status-publish","format-standard","has-post-thumbnail","hentry","category-deportes"],"jetpack_featured_media_url":"https:\/\/laserenaradio.cl\/web\/wp-content\/uploads\/2025\/02\/homepiaiextractoscrapimg_webpDeportesIquiquepenalesdiobatacazo_1.webp","jetpack_sharing_enabled":true,"_links":{"self":[{"href":"https:\/\/laserenaradio.cl\/web\/wp-json\/wp\/v2\/posts\/12298","targetHints":{"allow":["GET"]}}],"collection":[{"href":"https:\/\/laserenaradio.cl\/web\/wp-json\/wp\/v2\/posts"}],"about":[{"href":"https:\/\/laserenaradio.cl\/web\/wp-json\/wp\/v2\/types\/post"}],"author":[{"embeddable":true,"href":"https:\/\/laserenaradio.cl\/web\/wp-json\/wp\/v2\/users\/2"}],"replies":[{"embeddable":true,"href":"https:\/\/laserenaradio.cl\/web\/wp-json\/wp\/v2\/comments?post=12298"}],"version-history":[{"count":2,"href":"https:\/\/laserenaradio.cl\/web\/wp-json\/wp\/v2\/posts\/12298\/revisions"}],"predecessor-version":[{"id":12300,"href":"https:\/\/laserenaradio.cl\/web\/wp-json\/wp\/v2\/posts\/12298\/revisions\/12300"}],"wp:featuredmedia":[{"embeddable":true,"href":"https:\/\/laserenaradio.cl\/web\/wp-json\/wp\/v2\/media\/12297"}],"wp:attachment":[{"href":"https:\/\/laserenaradio.cl\/web\/wp-json\/wp\/v2\/media?parent=12298"}],"wp:term":[{"taxonomy":"category","embeddable":true,"href":"https:\/\/laserenaradio.cl\/web\/wp-json\/wp\/v2\/categories?post=12298"},{"taxonomy":"post_tag","embeddable":true,"href":"https:\/\/laserenaradio.cl\/web\/wp-json\/wp\/v2\/tags?post=12298"}],"curies":[{"name":"wp","href":"https:\/\/api.w.org\/{rel}","templated":true}]}}