{"id":12292,"date":"2025-02-26T14:11:51","date_gmt":"2025-02-26T17:11:51","guid":{"rendered":"https:\/\/laserenaradio.cl\/web\/?p=12292"},"modified":"2025-02-26T14:11:51","modified_gmt":"2025-02-26T17:11:51","slug":"isa-interchile-el-escandalo-del-megacorte-y-la-condena-a-chile-por-us215-millones-en-compensacion","status":"publish","type":"post","link":"https:\/\/laserenaradio.cl\/web\/2025\/02\/26\/isa-interchile-el-escandalo-del-megacorte-y-la-condena-a-chile-por-us215-millones-en-compensacion\/","title":{"rendered":"ISA Interchile: El esc\u00e1ndalo del megacorte y la condena a Chile por US$21,5 millones en compensaci\u00f3n"},"content":{"rendered":"<p><b>ISA InterChile, empresa colombiana bajo escrutinio por megacorte el\u00e9ctrico en Chile demand\u00f3 al Estado de Chile unos a\u00f1os atr\u00e1s.<\/p>\n<p>La firma ISA InterChile se encuentra bajo fuerte supervisi\u00f3n de las autoridades tras un gran corte de suministro el\u00e9ctrico que afect\u00f3 a 90% del territorio nacional<\/b><!--more-->.<\/p>\n<p>Seg\u00fan informes, el fallo por &#8220;operaci\u00f3n no deseada&#8221; en la Subestaci\u00f3n Nueva Pan de Az\u00facar, en Coquimbo, gener\u00f3 una reacci\u00f3n en cadena que dej\u00f3 sin luz al pa\u00eds.<\/p>\n<p>En paralelo, el CIADI conden\u00f3 a nuestro pa\u00eds a pagar US$21,5 millones a la empresa ISA InterChile.<\/p>\n<p>La demanda, presentada en 2021, se refiere a retrasos en la megal\u00ednea Cardones-Polpaico y fue emitido el 13 de diciembre de 2024, seg\u00fan Emol.<\/p>\n<p>El fallo establece que Chile incumpli\u00f3 sus compromisos al imponer multas &#8220;injustificadas&#8221; a InterChile en febrero de 2020 por demoras en el proyecto estrat\u00e9gico.<\/p>\n<p>El tribunal orden\u00f3 la restituci\u00f3n proporcional de las sanciones aplicadas, m\u00e1s intereses acumulados desde esa fecha.<\/p>\n<p>ISA inform\u00f3 al Superintendencia Financiera de Colombia que el monto actual ascend\u00eda a US$21,5 millones.<\/p>\n<p>&#8220;El Tribunal concluy\u00f3 que existieron algunas violaciones al Acuerdo de Libre Comercio Chile-Colombia por parte de Chile&#8221;, se\u00f1al\u00f3 el fallo, seg\u00fan el citado medio.<\/p>\n<p>Desde la Canciller\u00eda chilena destacaron que el CIADI acogi\u00f3 sus argumentos: \u201cSolo se orden\u00f3 pagar el 6% de lo reclamado, cerca de US$16 millones iniciales\u201d, inform\u00f3 La Tercera en diciembre.<\/p>\n<p>El conflicto surgi\u00f3 tras la negativa del <a href=\"http:\/\/www.energia.gob.cl\/\">Ministerio de Energ\u00eda<\/a> a otorgar pr\u00f3rrogas para la ejecuci\u00f3n del Tramo 3 de la l\u00ednea de transmisi\u00f3n, clave para el sistema el\u00e9ctrico nacional.<\/p>\n<p>Las multas aplicadas en 2020 fueron consideradas por el tribunal como un trato no equitativo hacia la inversi\u00f3n extranjera.<\/p>\n<p>Como resultado, el Tribunal conden\u00f3 a Chile a restituir a InterChile la parte proporcional de la multa correspondiente a 96 d\u00edas, m\u00e1s intereses simples.<\/p>\n<p>La suma incluye una tasa TIP + 2%, calculada desde el 18 de febrero de 2020.<\/p>\n<p>Esta decisi\u00f3n representa un gran impacto en la relaci\u00f3n entre ISA InterChile y el gobierno chileno, y podr\u00eda tener efectos significativos sobre futuros proyectos de inversi\u00f3n extranjera.<\/p>\n","protected":false},"excerpt":{"rendered":"<p>ISA InterChile, empresa colombiana bajo escrutinio por megacorte el\u00e9ctrico en Chile demand\u00f3 al Estado de Chile unos a\u00f1os atr\u00e1s. La firma ISA InterChile se encuentra bajo fuerte supervisi\u00f3n de las autoridades tras un gran corte de suministro el\u00e9ctrico que afect\u00f3 a 90% del territorio nacional<\/p>\n","protected":false},"author":2,"featured_media":12291,"comment_status":"closed","ping_status":"open","sticky":false,"template":"","format":"standard","meta":{"_jetpack_memberships_contains_paid_content":false,"jnews-multi-image_gallery":[],"jnews_single_post":[],"jnews_primary_category":[],"jnews_social_meta":[],"jnews_paywall_metabox":[],"jnews_review":[],"enable_review":"","type":"","name":"","summary":"","brand":"","sku":"","good":[],"bad":[],"score_override":"","override_value":"","rating":[],"price":[],"jnews_override_counter":[],"jnews_post_split":[],"footnotes":""},"categories":[21],"tags":[],"class_list":["post-12292","post","type-post","status-publish","format-standard","has-post-thumbnail","hentry","category-nacional"],"jetpack_featured_media_url":"https:\/\/laserenaradio.cl\/web\/wp-content\/uploads\/2025\/02\/homepiaiextractoscrapimg_webpISAInterchile_1.webp","jetpack_sharing_enabled":true,"_links":{"self":[{"href":"https:\/\/laserenaradio.cl\/web\/wp-json\/wp\/v2\/posts\/12292","targetHints":{"allow":["GET"]}}],"collection":[{"href":"https:\/\/laserenaradio.cl\/web\/wp-json\/wp\/v2\/posts"}],"about":[{"href":"https:\/\/laserenaradio.cl\/web\/wp-json\/wp\/v2\/types\/post"}],"author":[{"embeddable":true,"href":"https:\/\/laserenaradio.cl\/web\/wp-json\/wp\/v2\/users\/2"}],"replies":[{"embeddable":true,"href":"https:\/\/laserenaradio.cl\/web\/wp-json\/wp\/v2\/comments?post=12292"}],"version-history":[{"count":1,"href":"https:\/\/laserenaradio.cl\/web\/wp-json\/wp\/v2\/posts\/12292\/revisions"}],"predecessor-version":[{"id":12293,"href":"https:\/\/laserenaradio.cl\/web\/wp-json\/wp\/v2\/posts\/12292\/revisions\/12293"}],"wp:featuredmedia":[{"embeddable":true,"href":"https:\/\/laserenaradio.cl\/web\/wp-json\/wp\/v2\/media\/12291"}],"wp:attachment":[{"href":"https:\/\/laserenaradio.cl\/web\/wp-json\/wp\/v2\/media?parent=12292"}],"wp:term":[{"taxonomy":"category","embeddable":true,"href":"https:\/\/laserenaradio.cl\/web\/wp-json\/wp\/v2\/categories?post=12292"},{"taxonomy":"post_tag","embeddable":true,"href":"https:\/\/laserenaradio.cl\/web\/wp-json\/wp\/v2\/tags?post=12292"}],"curies":[{"name":"wp","href":"https:\/\/api.w.org\/{rel}","templated":true}]}}