{"id":12289,"date":"2025-02-26T14:04:29","date_gmt":"2025-02-26T17:04:29","guid":{"rendered":"https:\/\/laserenaradio.cl\/web\/?p=12289"},"modified":"2025-02-26T14:04:29","modified_gmt":"2025-02-26T17:04:29","slug":"turistas-son-golpeados-y-sufren-robos-en-sector-eriazo-de-la-serena","status":"publish","type":"post","link":"https:\/\/laserenaradio.cl\/web\/2025\/02\/26\/turistas-son-golpeados-y-sufren-robos-en-sector-eriazo-de-la-serena\/","title":{"rendered":"Turistas son golpeados y sufren robos en sector eriazo de La Serena"},"content":{"rendered":"<p><b>En La Serena, turistas experimentaron una pesadilla durante sus vacaciones al ser golpeados, amenazados e intimidados con armas por una banda criminal en un sector eriazo cercano al Faro Monumental<\/b><!--more-->.<\/p>\n<p>Estos delitos, denunciados a la Brigada Investigadora de Robos de la <a href=\"https:\/\/www.pdichile.cl\/\">PDI<\/a>, llevaron a una intensa investigaci\u00f3n.<\/p>\n<p>Seg\u00fan el prefecto Juan Carlos Moya, jefe de la Prefectura Provincial Elqui, detectives y personal especializados en robos realizaron diversas diligencias en coordinaci\u00f3n con el Ministerio P\u00fablico.<\/p>\n<p>La banda criminal, compuesta por dos hombres y dos mujeres entre 20 y 30 a\u00f1os, incluyendo una mujer extranjera irregular, se aprovechaba de redes sociales como Instagram o Facebook para contactar a sus v\u00edctimas.<\/p>\n<p>En estos encuentros aparentemente amistosos en el sector del Faro, las personas eran llevadas a un \u00e1rea sombr\u00eda y eriaza donde les robaban objetos de valor.<\/p>\n<p>Entre los elementos incautados se encontraron tel\u00e9fonos celulares, relojes inteligentes, vestimenta, zapatos, billeteras, bananos y dinero en efectivo.<\/p>\n<p>Los imputados no son locales, sino veraneantes que empleaban armas de fuego, cortantes y hasta un bast\u00f3n retractil para intimidar a sus v\u00edctimas.<\/p>\n<p>Peritajes del Laboratorio de Criminal\u00edstica Regional revelaron que una de las armas incautadas estaba adaptada para disparar.<\/p>\n<p>Los cuatro imputados quedaron bajo custodia del Ministerio P\u00fablico, donde se formalizaron los cargos bas\u00e1ndose en evidencias que establec\u00edan su participaci\u00f3n en los delitos.<\/p>\n<p>El Juzgado de Garant\u00eda de La Serena autoriz\u00f3 la prisi\u00f3n preventiva y estableci\u00f3 un plazo de 120 d\u00edas para concluir la investigaci\u00f3n.<\/p>\n","protected":false},"excerpt":{"rendered":"<p>En La Serena, turistas experimentaron una pesadilla durante sus vacaciones al ser golpeados, amenazados e intimidados con armas por una banda criminal en un sector eriazo cercano al Faro Monumental<\/p>\n","protected":false},"author":2,"featured_media":12288,"comment_status":"closed","ping_status":"open","sticky":false,"template":"","format":"standard","meta":{"_jetpack_memberships_contains_paid_content":false,"jnews-multi-image_gallery":[],"jnews_single_post":[],"jnews_primary_category":[],"jnews_social_meta":[],"jnews_paywall_metabox":[],"jnews_review":[],"enable_review":"","type":"","name":"","summary":"","brand":"","sku":"","good":[],"bad":[],"score_override":"","override_value":"","rating":[],"price":[],"jnews_override_counter":[],"jnews_post_split":[],"footnotes":""},"categories":[21],"tags":[],"class_list":["post-12289","post","type-post","status-publish","format-standard","has-post-thumbnail","hentry","category-nacional"],"jetpack_featured_media_url":"https:\/\/laserenaradio.cl\/web\/wp-content\/uploads\/2025\/02\/homepiaiextractoscrapimg_webpTuristasSerena_0.webp","jetpack_sharing_enabled":true,"_links":{"self":[{"href":"https:\/\/laserenaradio.cl\/web\/wp-json\/wp\/v2\/posts\/12289","targetHints":{"allow":["GET"]}}],"collection":[{"href":"https:\/\/laserenaradio.cl\/web\/wp-json\/wp\/v2\/posts"}],"about":[{"href":"https:\/\/laserenaradio.cl\/web\/wp-json\/wp\/v2\/types\/post"}],"author":[{"embeddable":true,"href":"https:\/\/laserenaradio.cl\/web\/wp-json\/wp\/v2\/users\/2"}],"replies":[{"embeddable":true,"href":"https:\/\/laserenaradio.cl\/web\/wp-json\/wp\/v2\/comments?post=12289"}],"version-history":[{"count":1,"href":"https:\/\/laserenaradio.cl\/web\/wp-json\/wp\/v2\/posts\/12289\/revisions"}],"predecessor-version":[{"id":12290,"href":"https:\/\/laserenaradio.cl\/web\/wp-json\/wp\/v2\/posts\/12289\/revisions\/12290"}],"wp:featuredmedia":[{"embeddable":true,"href":"https:\/\/laserenaradio.cl\/web\/wp-json\/wp\/v2\/media\/12288"}],"wp:attachment":[{"href":"https:\/\/laserenaradio.cl\/web\/wp-json\/wp\/v2\/media?parent=12289"}],"wp:term":[{"taxonomy":"category","embeddable":true,"href":"https:\/\/laserenaradio.cl\/web\/wp-json\/wp\/v2\/categories?post=12289"},{"taxonomy":"post_tag","embeddable":true,"href":"https:\/\/laserenaradio.cl\/web\/wp-json\/wp\/v2\/tags?post=12289"}],"curies":[{"name":"wp","href":"https:\/\/api.w.org\/{rel}","templated":true}]}}