{"id":12286,"date":"2025-02-26T12:43:56","date_gmt":"2025-02-26T15:43:56","guid":{"rendered":"https:\/\/laserenaradio.cl\/web\/?p=12286"},"modified":"2025-02-26T12:43:56","modified_gmt":"2025-02-26T15:43:56","slug":"la-menor-de-iniciales-i-a-a-desaparecida-desde-hace-mas-de-un-mes-es-recuperada-por-carabineros","status":"publish","type":"post","link":"https:\/\/laserenaradio.cl\/web\/2025\/02\/26\/la-menor-de-iniciales-i-a-a-desaparecida-desde-hace-mas-de-un-mes-es-recuperada-por-carabineros\/","title":{"rendered":"La menor de iniciales I.A.A., desaparecida desde hace m\u00e1s de un mes, es recuperada por Carabineros."},"content":{"rendered":"<p><b>En la ma\u00f1ana del mi\u00e9rcoles se revelaron detalles cruciales sobre la desaparici\u00f3n y posterior liberaci\u00f3n de una ni\u00f1a de 13 a\u00f1os en Estaci\u00f3n Central<\/b><!--more-->.<\/p>\n<p>La menor, identificada por iniciales I.A.A., fue encontrada en calle Piedra de Lobos, Renca, seg\u00fan declar\u00f3 haber estado secuestrada durante m\u00e1s de diez d\u00edas.<\/p>\n<p>En el pasado 14 de febrero, familiares la perdieron de vista cuando sali\u00f3 de su hogar.<\/p>\n<p>Durante esa larga b\u00fasqueda, se registraron dos registros importantes: primero, vieron a la ni\u00f1a junto a un adulto en un Aquapark de Pe\u00f1aflor; luego, la localizaron en Cal y Canto del Metro de Santiago, donde supuestamente fue entregada a un tatuador.<\/p>\n<p>Seg\u00fan inform\u00f3 TVN, pasadas las 1 de la madrugada, I.A.A. se acerc\u00f3 al personal de <a href=\"https:\/\/www.carabineros.cl\/\">Carabineros<\/a> durante un funeral de alto riesgo por el triple homicidio ocurrido el domingo en Renca.<\/p>\n<p>Seg\u00fan su relato, fue liberada de su secuestrador y pidi\u00f3 ayuda para reencontrarse con sus padres.<\/p>\n","protected":false},"excerpt":{"rendered":"<p>En la ma\u00f1ana del mi\u00e9rcoles se revelaron detalles cruciales sobre la desaparici\u00f3n y posterior liberaci\u00f3n de una ni\u00f1a de 13 a\u00f1os en Estaci\u00f3n Central<\/p>\n","protected":false},"author":2,"featured_media":12285,"comment_status":"closed","ping_status":"open","sticky":false,"template":"","format":"standard","meta":{"_jetpack_memberships_contains_paid_content":false,"jnews-multi-image_gallery":[],"jnews_single_post":[],"jnews_primary_category":[],"jnews_social_meta":[],"jnews_paywall_metabox":[],"jnews_review":[],"enable_review":"","type":"","name":"","summary":"","brand":"","sku":"","good":[],"bad":[],"score_override":"","override_value":"","rating":[],"price":[],"jnews_override_counter":[],"jnews_post_split":[],"footnotes":""},"categories":[21],"tags":[],"class_list":["post-12286","post","type-post","status-publish","format-standard","has-post-thumbnail","hentry","category-nacional"],"jetpack_featured_media_url":"https:\/\/laserenaradio.cl\/web\/wp-content\/uploads\/2025\/02\/homepiaiextractoscrapimg_webpCarabinerosRenca_1.webp","jetpack_sharing_enabled":true,"_links":{"self":[{"href":"https:\/\/laserenaradio.cl\/web\/wp-json\/wp\/v2\/posts\/12286","targetHints":{"allow":["GET"]}}],"collection":[{"href":"https:\/\/laserenaradio.cl\/web\/wp-json\/wp\/v2\/posts"}],"about":[{"href":"https:\/\/laserenaradio.cl\/web\/wp-json\/wp\/v2\/types\/post"}],"author":[{"embeddable":true,"href":"https:\/\/laserenaradio.cl\/web\/wp-json\/wp\/v2\/users\/2"}],"replies":[{"embeddable":true,"href":"https:\/\/laserenaradio.cl\/web\/wp-json\/wp\/v2\/comments?post=12286"}],"version-history":[{"count":1,"href":"https:\/\/laserenaradio.cl\/web\/wp-json\/wp\/v2\/posts\/12286\/revisions"}],"predecessor-version":[{"id":12287,"href":"https:\/\/laserenaradio.cl\/web\/wp-json\/wp\/v2\/posts\/12286\/revisions\/12287"}],"wp:featuredmedia":[{"embeddable":true,"href":"https:\/\/laserenaradio.cl\/web\/wp-json\/wp\/v2\/media\/12285"}],"wp:attachment":[{"href":"https:\/\/laserenaradio.cl\/web\/wp-json\/wp\/v2\/media?parent=12286"}],"wp:term":[{"taxonomy":"category","embeddable":true,"href":"https:\/\/laserenaradio.cl\/web\/wp-json\/wp\/v2\/categories?post=12286"},{"taxonomy":"post_tag","embeddable":true,"href":"https:\/\/laserenaradio.cl\/web\/wp-json\/wp\/v2\/tags?post=12286"}],"curies":[{"name":"wp","href":"https:\/\/api.w.org\/{rel}","templated":true}]}}