{"id":12283,"date":"2025-02-26T12:42:07","date_gmt":"2025-02-26T15:42:07","guid":{"rendered":"https:\/\/laserenaradio.cl\/web\/?p=12283"},"modified":"2025-02-26T12:42:07","modified_gmt":"2025-02-26T15:42:07","slug":"el-grupo-cibercriminal-the-fog-le-exige-22-millones-a-saint-george-por-hackeo-a-base-de-datos","status":"publish","type":"post","link":"https:\/\/laserenaradio.cl\/web\/2025\/02\/26\/el-grupo-cibercriminal-the-fog-le-exige-22-millones-a-saint-george-por-hackeo-a-base-de-datos\/","title":{"rendered":"El grupo cibercriminal The Fog le exige 22 millones a Saint George por hackeo a base de datos"},"content":{"rendered":"<p><b>El grupo cibercriminal conocido como The Fog se hizo responsable del hackeo a la base de datos del Colegio Saint George en Vitacura, regi\u00f3n Metropolitana, pidiendo $22 millones por 5 gigabytes de informaci\u00f3n sensible sustra\u00edda<\/b><!--more-->.<\/p>\n<p>Seg\u00fan La Segunda, la organizaci\u00f3n rob\u00f3 certificados corporativos internos, direcciones de los trabajadores y correspondencia corporativa.<\/p>\n<p>&#8220;Se encontraron archivos e informaci\u00f3n interesantes&#8221;, manifestaron desde The Fog, describiendo esos datos como firmas personales y documentos escaneados del establecimiento educacional del sector oriente de Santiago.<\/p>\n<p>Computer Weekly hab\u00eda advertido en septiembre de 2024 sobre la peligrosidad de The Fog, calific\u00e1ndolos como una amenaza de gran alcance.<\/p>\n<p>El medio inform\u00f3 que el objetivo principal de esta organizaci\u00f3n cibercriminal es atacar organizaciones educativas y creativas.<\/p>\n<p>En enero de 2025, The Fog se adjudic\u00f3 un ataque contra los sistemas de la Universidad de Notre Dame en Australia, donde sustrajeron m\u00e1s de 62 gigabytes de informaci\u00f3n sensible.<\/p>\n<p>El Colegio Saint George confirm\u00f3 que fue afectado por un virus de ransomware identificado como Ransomware-Fog, lo que comprometi\u00f3 la encriptaci\u00f3n de algunos archivos. Sin embargo, aclararon que la informaci\u00f3n de trabajadores y familias no estuvo involucrada en el ciberataque.<\/p>\n<p>Adem\u00e1s, indicaron que lograron restablecer los datos comprometidos gracias a los respaldos disponibles y actualmente implementan nuevas medidas de seguridad para proteger sus sistemas inform\u00e1ticos.<\/p>\n<p>Esta situaci\u00f3n se produjo poco despu\u00e9s de la resoluci\u00f3n del m\u00e1ximo tribunal respecto a cuatro alumnos que usaron inteligencia artificial (IA) para crear deepfakes con im\u00e1genes de compa\u00f1eras desnudas.<\/p>\n<p>A pesar de estos incidentes, el establecimiento educacional acat\u00f3 la decisi\u00f3n judicial y mantiene un compromiso firme en mantener la seguridad inform\u00e1tica de sus sistemas.<\/p>\n","protected":false},"excerpt":{"rendered":"<p>El grupo cibercriminal conocido como The Fog se hizo responsable del hackeo a la base de datos del Colegio Saint George en Vitacura, regi\u00f3n Metropolitana, pidiendo $22 millones por 5 gigabytes de informaci\u00f3n sensible sustra\u00edda<\/p>\n","protected":false},"author":2,"featured_media":12282,"comment_status":"closed","ping_status":"open","sticky":false,"template":"","format":"standard","meta":{"_jetpack_memberships_contains_paid_content":false,"jnews-multi-image_gallery":[],"jnews_single_post":[],"jnews_primary_category":[],"jnews_social_meta":[],"jnews_paywall_metabox":[],"jnews_review":[],"enable_review":"","type":"","name":"","summary":"","brand":"","sku":"","good":[],"bad":[],"score_override":"","override_value":"","rating":[],"price":[],"jnews_override_counter":[],"jnews_post_split":[],"footnotes":""},"categories":[21],"tags":[],"class_list":["post-12283","post","type-post","status-publish","format-standard","has-post-thumbnail","hentry","category-nacional"],"jetpack_featured_media_url":"https:\/\/laserenaradio.cl\/web\/wp-content\/uploads\/2025\/02\/homepiaiextractoscrapimg_webpTheFogdatoscibercriminalsistemas_1.webp","jetpack_sharing_enabled":true,"_links":{"self":[{"href":"https:\/\/laserenaradio.cl\/web\/wp-json\/wp\/v2\/posts\/12283","targetHints":{"allow":["GET"]}}],"collection":[{"href":"https:\/\/laserenaradio.cl\/web\/wp-json\/wp\/v2\/posts"}],"about":[{"href":"https:\/\/laserenaradio.cl\/web\/wp-json\/wp\/v2\/types\/post"}],"author":[{"embeddable":true,"href":"https:\/\/laserenaradio.cl\/web\/wp-json\/wp\/v2\/users\/2"}],"replies":[{"embeddable":true,"href":"https:\/\/laserenaradio.cl\/web\/wp-json\/wp\/v2\/comments?post=12283"}],"version-history":[{"count":1,"href":"https:\/\/laserenaradio.cl\/web\/wp-json\/wp\/v2\/posts\/12283\/revisions"}],"predecessor-version":[{"id":12284,"href":"https:\/\/laserenaradio.cl\/web\/wp-json\/wp\/v2\/posts\/12283\/revisions\/12284"}],"wp:featuredmedia":[{"embeddable":true,"href":"https:\/\/laserenaradio.cl\/web\/wp-json\/wp\/v2\/media\/12282"}],"wp:attachment":[{"href":"https:\/\/laserenaradio.cl\/web\/wp-json\/wp\/v2\/media?parent=12283"}],"wp:term":[{"taxonomy":"category","embeddable":true,"href":"https:\/\/laserenaradio.cl\/web\/wp-json\/wp\/v2\/categories?post=12283"},{"taxonomy":"post_tag","embeddable":true,"href":"https:\/\/laserenaradio.cl\/web\/wp-json\/wp\/v2\/tags?post=12283"}],"curies":[{"name":"wp","href":"https:\/\/api.w.org\/{rel}","templated":true}]}}