{"id":12280,"date":"2025-02-26T12:39:44","date_gmt":"2025-02-26T15:39:44","guid":{"rendered":"https:\/\/laserenaradio.cl\/web\/?p=12280"},"modified":"2025-02-26T12:39:44","modified_gmt":"2025-02-26T15:39:44","slug":"megacorte-electrico-fallas-detectadas-5-anos-atras-en-subestacion-que-genero-apagon-nacional","status":"publish","type":"post","link":"https:\/\/laserenaradio.cl\/web\/2025\/02\/26\/megacorte-electrico-fallas-detectadas-5-anos-atras-en-subestacion-que-genero-apagon-nacional\/","title":{"rendered":"Megacorte el\u00e9ctrico: fallas detectadas 5 a\u00f1os atr\u00e1s en subestaci\u00f3n que gener\u00f3 apag\u00f3n nacional."},"content":{"rendered":"<p><b>Fue en marzo de 2020 cuando un informe de inspecci\u00f3n en las instalaciones de SIC y SING detect\u00f3 \u201cciertas anomal\u00edas\u201d en la Subestaci\u00f3n Nueva Pan de Az\u00facar, en Coquimbo<\/b><!--more-->.<\/p>\n<p>El documento elaborado por ENSAUT LTDA., bajo instrucciones del Coordinador El\u00e9ctrico Nacional, identific\u00f3 fallas en la programaci\u00f3n de l\u00f3gicas de protecci\u00f3n y circuitos de control de interruptores de la l\u00ednea 500 kV Nueva Pan de Az\u00facar &#8211; Polpaico Circuito 2.<\/p>\n<p>Este informe es crucial para entender el megacorte de luz que afect\u00f3 el 90% del territorio nacional, ocurrido el martes 25 de febrero.<\/p>\n<p>Seg\u00fan las pruebas ejecutadas por ISA InterChile, propietaria de la subestaci\u00f3n, se encontraron anomal\u00edas que podr\u00edan poner en riesgo la operaci\u00f3n de la subestaci\u00f3n.<\/p>\n<p>El informe apunt\u00f3 a revisar el correcto funcionamiento de algunos sistemas y recomend\u00f3 volver a realizar pruebas efectivas para garantizar el desempe\u00f1o de las funciones de reconexi\u00f3n.<\/p>\n<p>El presidente del Consejo Directivo del Coordinador El\u00e9ctrico Nacional, Juan Carlos Olmedo, explic\u00f3 que el megacorte se origin\u00f3 por una \u201coperaci\u00f3n no deseada\u201d en los sistemas de control y protecci\u00f3n de la subestaci\u00f3n.<\/p>\n<p>Este incidente ocurri\u00f3 a las 15:16 horas, desconectando abruptamente la l\u00ednea de 500 kV que transporta energ\u00eda desde el norte hacia el centro-sur del pa\u00eds.<\/p>\n<p>Las pruebas de inspecci\u00f3n revelaron que durante las pruebas de inyecci\u00f3n secundaria en protecciones no se verificaron funciones clave para entregar protecci\u00f3n cuando se detectan fallas.<\/p>\n<p>\u201cNo exist\u00eda justificaci\u00f3n t\u00e9cnica para omitir estas pruebas\u201d, advirti\u00f3 el documento, recomendando su ejecuci\u00f3n posterior.<\/p>\n<p>El megacorte expone vulnerabilidades en el Sistema El\u00e9ctrico Nacional (SEN), unificado tras la interconexi\u00f3n SIC-SING en 2017.<\/p>\n<p>Olmedo admiti\u00f3 que \u201cla concentraci\u00f3n de demanda en el centro-sur aumenta los riesgos ante fallas en l\u00edneas troncales\u201d.<\/p>\n<p>Tras seis horas de blackout, el suministro se restableci\u00f3 gradualmente hacia la madrugada del mi\u00e9rcoles.<\/p>\n<p>ISA InterChile reconoci\u00f3 que ayer &#8220;se produjo un evento que afect\u00f3 la L\u00ednea de Transmisi\u00f3n El\u00e9ctrica a doble circuito, Nueva Maitencillo &#8211; Nueva Pan de Az\u00facar que opera a 500 mil voltios&#8221;, transportando aproximadamente 1.800 MW en total.<\/p>\n<p>Este evento desencaden\u00f3 la indisponibilidad del servicio el\u00e9ctrico que afect\u00f3 al pa\u00eds y ha abierto dudas sobre los procedimientos realizados, deslig\u00e1ndose de los &#8220;al menos tres fallos&#8221; en la reposici\u00f3n informados por el ministro de Energ\u00eda, Diego Pardow.<\/p>\n<p>La Superintendencia de Electricidad y Combustible podr\u00eda imponer sanciones si confirma negligencias.<\/p>\n<p>La importancia de la vigilancia y mejora continua del Sistema El\u00e9ctrico Nacional es evidente a trav\u00e9s de estos eventos, subrayando la necesidad de transparencia y responsabilidad en el sector energ\u00e9tico.<\/p>\n","protected":false},"excerpt":{"rendered":"<p>Fue en marzo de 2020 cuando un informe de inspecci\u00f3n en las instalaciones de SIC y SING detect\u00f3 \u201cciertas anomal\u00edas\u201d en la Subestaci\u00f3n Nueva Pan de Az\u00facar, en Coquimbo<\/p>\n","protected":false},"author":2,"featured_media":12279,"comment_status":"closed","ping_status":"open","sticky":false,"template":"","format":"standard","meta":{"_jetpack_memberships_contains_paid_content":false,"jnews-multi-image_gallery":[],"jnews_single_post":[],"jnews_primary_category":[],"jnews_social_meta":[],"jnews_paywall_metabox":[],"jnews_review":[],"enable_review":"","type":"","name":"","summary":"","brand":"","sku":"","good":[],"bad":[],"score_override":"","override_value":"","rating":[],"price":[],"jnews_override_counter":[],"jnews_post_split":[],"footnotes":""},"categories":[21],"tags":[],"class_list":["post-12280","post","type-post","status-publish","format-standard","has-post-thumbnail","hentry","category-nacional"],"jetpack_featured_media_url":"https:\/\/laserenaradio.cl\/web\/wp-content\/uploads\/2025\/02\/homepiaiextractoscrapimg_predeterminadalaserenaradio_ultimo_minuto-1.webp","jetpack_sharing_enabled":true,"_links":{"self":[{"href":"https:\/\/laserenaradio.cl\/web\/wp-json\/wp\/v2\/posts\/12280","targetHints":{"allow":["GET"]}}],"collection":[{"href":"https:\/\/laserenaradio.cl\/web\/wp-json\/wp\/v2\/posts"}],"about":[{"href":"https:\/\/laserenaradio.cl\/web\/wp-json\/wp\/v2\/types\/post"}],"author":[{"embeddable":true,"href":"https:\/\/laserenaradio.cl\/web\/wp-json\/wp\/v2\/users\/2"}],"replies":[{"embeddable":true,"href":"https:\/\/laserenaradio.cl\/web\/wp-json\/wp\/v2\/comments?post=12280"}],"version-history":[{"count":1,"href":"https:\/\/laserenaradio.cl\/web\/wp-json\/wp\/v2\/posts\/12280\/revisions"}],"predecessor-version":[{"id":12281,"href":"https:\/\/laserenaradio.cl\/web\/wp-json\/wp\/v2\/posts\/12280\/revisions\/12281"}],"wp:featuredmedia":[{"embeddable":true,"href":"https:\/\/laserenaradio.cl\/web\/wp-json\/wp\/v2\/media\/12279"}],"wp:attachment":[{"href":"https:\/\/laserenaradio.cl\/web\/wp-json\/wp\/v2\/media?parent=12280"}],"wp:term":[{"taxonomy":"category","embeddable":true,"href":"https:\/\/laserenaradio.cl\/web\/wp-json\/wp\/v2\/categories?post=12280"},{"taxonomy":"post_tag","embeddable":true,"href":"https:\/\/laserenaradio.cl\/web\/wp-json\/wp\/v2\/tags?post=12280"}],"curies":[{"name":"wp","href":"https:\/\/api.w.org\/{rel}","templated":true}]}}