{"id":12277,"date":"2025-02-26T10:59:17","date_gmt":"2025-02-26T13:59:17","guid":{"rendered":"https:\/\/laserenaradio.cl\/web\/?p=12277"},"modified":"2025-02-26T10:59:17","modified_gmt":"2025-02-26T13:59:17","slug":"el-cantante-miguel-negro-pinera-continua-en-estado-critico-en-la-clinica-alemana-de-temuco","status":"publish","type":"post","link":"https:\/\/laserenaradio.cl\/web\/2025\/02\/26\/el-cantante-miguel-negro-pinera-continua-en-estado-critico-en-la-clinica-alemana-de-temuco\/","title":{"rendered":"El cantante Miguel &#8216;Negro&#8217; Pi\u00f1era contin\u00faa en estado cr\u00edtico en la Cl\u00ednica Alemana de Temuco"},"content":{"rendered":"<p><b>Contin\u00faa el delicado estado de salud de Miguel &#8216;Negro&#8217; Pi\u00f1era, quien permanece en estado cr\u00edtico en la Cl\u00ednica Alemana de Temuco tras un paro cardiorrespiratorio experimentado en el Hospital de Villarrica y un shock s\u00e9ptico<\/b><!--more-->.<\/p>\n<p>El cantante nacional tambi\u00e9n ha enfrentado disminuci\u00f3n en los gl\u00f3bulos rojos, blancos y plaquetas, lo que impide la realizaci\u00f3n de transfusiones o di\u00e1lisis. Seg\u00fan su sobrina Cecilia Pi\u00f1era Morel, las pr\u00f3ximas horas son decisivas para la evoluci\u00f3n del estado del artista.<\/p>\n<p>Por su parte, su hermana Magdalena Pi\u00f1era inform\u00f3 que Miguel &#8216;Negro&#8217; se encuentra sedado y en un estado grave, pero establecido.<\/p>\n<p>El &#8216;Negro&#8217; Pi\u00f1era recibi\u00f3 la Unci\u00f3n de los enfermos, un sacramento destinado a aquellos que se encuentran en situaciones de salud cr\u00edticas. La familia espera una actualizaci\u00f3n sobre su condici\u00f3n y ha expresado gratitud por el apoyo recibido de otros pacientes graves.<\/p>\n<p>El cantante nacional fue trasladado al Hospital de Villarrica luego de un evento que agudiz\u00f3 su estado, posteriormente siendo llevado a la Cl\u00ednica Alemana en Temuco.<\/p>\n<p>Su historia reciente incluye actuaciones en Vi\u00f1a 2025 y shows en Licanray, regi\u00f3n de La Araucan\u00eda.<\/p>\n<p>Mientras se aguarda con expectaci\u00f3n por el mejoramiento de Miguel &#8216;Negro&#8217; Pi\u00f1era, la comunidad sigue acompa\u00f1\u00e1ndolo a trav\u00e9s de oraciones y manifestaciones de cari\u00f1o.<\/p>\n","protected":false},"excerpt":{"rendered":"<p>Contin\u00faa el delicado estado de salud de Miguel &#8216;Negro&#8217; Pi\u00f1era, quien permanece en estado cr\u00edtico en la Cl\u00ednica Alemana de Temuco tras un paro cardiorrespiratorio experimentado en el Hospital de Villarrica y un shock s\u00e9ptico<\/p>\n","protected":false},"author":2,"featured_media":12276,"comment_status":"closed","ping_status":"open","sticky":false,"template":"","format":"standard","meta":{"_jetpack_memberships_contains_paid_content":false,"jnews-multi-image_gallery":[],"jnews_single_post":[],"jnews_primary_category":[],"jnews_social_meta":[],"jnews_paywall_metabox":[],"jnews_review":[],"enable_review":"","type":"","name":"","summary":"","brand":"","sku":"","good":[],"bad":[],"score_override":"","override_value":"","rating":[],"price":[],"jnews_override_counter":[],"jnews_post_split":[],"footnotes":""},"categories":[21],"tags":[],"class_list":["post-12277","post","type-post","status-publish","format-standard","has-post-thumbnail","hentry","category-nacional"],"jetpack_featured_media_url":"https:\/\/laserenaradio.cl\/web\/wp-content\/uploads\/2025\/02\/homepiaiextractoscrapimg_webpMiguelNegro_1.webp","jetpack_sharing_enabled":true,"_links":{"self":[{"href":"https:\/\/laserenaradio.cl\/web\/wp-json\/wp\/v2\/posts\/12277","targetHints":{"allow":["GET"]}}],"collection":[{"href":"https:\/\/laserenaradio.cl\/web\/wp-json\/wp\/v2\/posts"}],"about":[{"href":"https:\/\/laserenaradio.cl\/web\/wp-json\/wp\/v2\/types\/post"}],"author":[{"embeddable":true,"href":"https:\/\/laserenaradio.cl\/web\/wp-json\/wp\/v2\/users\/2"}],"replies":[{"embeddable":true,"href":"https:\/\/laserenaradio.cl\/web\/wp-json\/wp\/v2\/comments?post=12277"}],"version-history":[{"count":1,"href":"https:\/\/laserenaradio.cl\/web\/wp-json\/wp\/v2\/posts\/12277\/revisions"}],"predecessor-version":[{"id":12278,"href":"https:\/\/laserenaradio.cl\/web\/wp-json\/wp\/v2\/posts\/12277\/revisions\/12278"}],"wp:featuredmedia":[{"embeddable":true,"href":"https:\/\/laserenaradio.cl\/web\/wp-json\/wp\/v2\/media\/12276"}],"wp:attachment":[{"href":"https:\/\/laserenaradio.cl\/web\/wp-json\/wp\/v2\/media?parent=12277"}],"wp:term":[{"taxonomy":"category","embeddable":true,"href":"https:\/\/laserenaradio.cl\/web\/wp-json\/wp\/v2\/categories?post=12277"},{"taxonomy":"post_tag","embeddable":true,"href":"https:\/\/laserenaradio.cl\/web\/wp-json\/wp\/v2\/tags?post=12277"}],"curies":[{"name":"wp","href":"https:\/\/api.w.org\/{rel}","templated":true}]}}