{"id":12274,"date":"2025-02-26T09:44:10","date_gmt":"2025-02-26T12:44:10","guid":{"rendered":"https:\/\/laserenaradio.cl\/web\/?p=12274"},"modified":"2025-02-26T09:44:10","modified_gmt":"2025-02-26T12:44:10","slug":"el-cen-informa-sobre-avances-en-la-recuperacion-de-la-energia-electrica-tras-megacorte-nacional","status":"publish","type":"post","link":"https:\/\/laserenaradio.cl\/web\/2025\/02\/26\/el-cen-informa-sobre-avances-en-la-recuperacion-de-la-energia-electrica-tras-megacorte-nacional\/","title":{"rendered":"El CEN informa sobre avances en la recuperaci\u00f3n de la energ\u00eda el\u00e9ctrica tras megacorte nacional"},"content":{"rendered":"<p><b>El Coordinador El\u00e9ctrico Nacional (CEN) proporcion\u00f3 un nuevo balance a las 07:00 horas, tras el gigantesco corte de energ\u00eda que afect\u00f3 pr\u00e1cticamente todo el pa\u00eds<\/b><!--more-->.<\/p>\n<p>Seg\u00fan el organismo, esto ocurre debido a la desconexi\u00f3n de la l\u00ednea Nueva Maitencillo-Nueva Pan de Az\u00facar 2\u00d7500 kV entre Vallenar y Coquimbo. Esta desconexi\u00f3n origin\u00f3 el apag\u00f3n en la l\u00ednea Cardones \u2013 Polpaico 2\u00d7500 kV, resultando en una vasta interrupci\u00f3n del suministro el\u00e9ctrico.<\/p>\n<p>Seg\u00fan el CEN, a las 00:00 horas se logr\u00f3 recuperar un 90% de los consumos residenciales. Desde las 23:30 hasta la Isla de Chilo\u00e9 se restaur\u00f3 el 100% del suministro el\u00e9ctrico. El Plan de Recuperaci\u00f3n de Servicio ha sido clave para reestablecer la electricidad en Coquimbo a esa misma hora y en Copiap\u00f3 aproximadamente una media hora despu\u00e9s. A las 05:07 horas, Iquique alcanz\u00f3 el 100% de recuperaci\u00f3n, mientras que Arica a\u00fan presenta un 24%. En tanto, Antofagasta experiment\u00f3 desconexiones nocturnas, pero a partir de las 6:31 horas se recuperaron todos los servicios.<\/p>\n<p>El CEN informa que contin\u00faa implementando medidas para asegurar la normalizaci\u00f3n total del Sistema El\u00e9ctrico Nacional.<\/p>\n","protected":false},"excerpt":{"rendered":"<p>El Coordinador El\u00e9ctrico Nacional (CEN) proporcion\u00f3 un nuevo balance a las 07:00 horas, tras el gigantesco corte de energ\u00eda que afect\u00f3 pr\u00e1cticamente todo el pa\u00eds<\/p>\n","protected":false},"author":2,"featured_media":12273,"comment_status":"closed","ping_status":"open","sticky":false,"template":"","format":"standard","meta":{"_jetpack_memberships_contains_paid_content":false,"jnews-multi-image_gallery":[],"jnews_single_post":[],"jnews_primary_category":[],"jnews_social_meta":[],"jnews_paywall_metabox":[],"jnews_review":[],"enable_review":"","type":"","name":"","summary":"","brand":"","sku":"","good":[],"bad":[],"score_override":"","override_value":"","rating":[],"price":[],"jnews_override_counter":[],"jnews_post_split":[],"footnotes":""},"categories":[21],"tags":[],"class_list":["post-12274","post","type-post","status-publish","format-standard","has-post-thumbnail","hentry","category-nacional"],"jetpack_featured_media_url":"https:\/\/laserenaradio.cl\/web\/wp-content\/uploads\/2025\/02\/homepiaiextractoscrapimg_predeterminadalaserenaradio_nacional-6.webp","jetpack_sharing_enabled":true,"_links":{"self":[{"href":"https:\/\/laserenaradio.cl\/web\/wp-json\/wp\/v2\/posts\/12274","targetHints":{"allow":["GET"]}}],"collection":[{"href":"https:\/\/laserenaradio.cl\/web\/wp-json\/wp\/v2\/posts"}],"about":[{"href":"https:\/\/laserenaradio.cl\/web\/wp-json\/wp\/v2\/types\/post"}],"author":[{"embeddable":true,"href":"https:\/\/laserenaradio.cl\/web\/wp-json\/wp\/v2\/users\/2"}],"replies":[{"embeddable":true,"href":"https:\/\/laserenaradio.cl\/web\/wp-json\/wp\/v2\/comments?post=12274"}],"version-history":[{"count":1,"href":"https:\/\/laserenaradio.cl\/web\/wp-json\/wp\/v2\/posts\/12274\/revisions"}],"predecessor-version":[{"id":12275,"href":"https:\/\/laserenaradio.cl\/web\/wp-json\/wp\/v2\/posts\/12274\/revisions\/12275"}],"wp:featuredmedia":[{"embeddable":true,"href":"https:\/\/laserenaradio.cl\/web\/wp-json\/wp\/v2\/media\/12273"}],"wp:attachment":[{"href":"https:\/\/laserenaradio.cl\/web\/wp-json\/wp\/v2\/media?parent=12274"}],"wp:term":[{"taxonomy":"category","embeddable":true,"href":"https:\/\/laserenaradio.cl\/web\/wp-json\/wp\/v2\/categories?post=12274"},{"taxonomy":"post_tag","embeddable":true,"href":"https:\/\/laserenaradio.cl\/web\/wp-json\/wp\/v2\/tags?post=12274"}],"curies":[{"name":"wp","href":"https:\/\/api.w.org\/{rel}","templated":true}]}}