{"id":12268,"date":"2025-02-26T09:16:25","date_gmt":"2025-02-26T12:16:25","guid":{"rendered":"https:\/\/laserenaradio.cl\/web\/?p=12268"},"modified":"2025-02-26T09:16:25","modified_gmt":"2025-02-26T12:16:25","slug":"isa-interchile-desvelan-causas-del-megacorte-electrico-que-afecto-a-chile-el-martes-25-de-febrero","status":"publish","type":"post","link":"https:\/\/laserenaradio.cl\/web\/2025\/02\/26\/isa-interchile-desvelan-causas-del-megacorte-electrico-que-afecto-a-chile-el-martes-25-de-febrero\/","title":{"rendered":"ISA InterChile: Desvelan causas del megacorte el\u00e9ctrico que afect\u00f3 a Chile el martes 25 de febrero"},"content":{"rendered":"<p><b>En un contexto donde varias regiones del territorio nacional enfrentaron interrupciones en el servicio el\u00e9ctrico, ISA InterChile, empresa responsable de la falla, ha proporcionado detalles sobre lo ocurrido<\/b><!--more-->.<\/p>\n<p>Seg\u00fan un comunicado emitido el mi\u00e9rcoles 26 de febrero, a las 15:16 horas del martes 25 de febrero, se produjo un evento que afect\u00f3 la L\u00ednea de Transmisi\u00f3n El\u00e9ctrica a doble circuito, Nueva Maitencillo \u2013 Nueva Pan de Az\u00facar, que opera a 500 mil voltios entre Vallenar y Coquimbo. En ese momento, la l\u00ednea transportaba aproximadamente 1.800 MW.<\/p>\n<p>Este evento result\u00f3 en la indisponibilidad del servicio el\u00e9ctrico, causando afectaciones nacionales. Sin embargo, desde el primer instante, se movilizaron todas las capacidades de coordinaci\u00f3n y equipos en terreno para restituir lo antes posible la disponibilidad de la l\u00ednea. La empresa logr\u00f3 restaurar el servicio a las 4:00 p.m., solo 44 minutos despu\u00e9s del inicio del evento.<\/p>\n<p>El gerente general de ISA InterChile, Luis Llano, asegur\u00f3 que la compa\u00f1\u00eda contin\u00faa investigando las razones del evento ocurrido en la l\u00ednea.<\/p>\n<p>Seg\u00fan la informaci\u00f3n proporcionada, el incidente se origin\u00f3 por la activaci\u00f3n no deseada de sus esquemas de protecci\u00f3n, lo cual provoc\u00f3 la desconexi\u00f3n autom\u00e1tica de ambos circuitos. <\/p>\n<p>Aunque el comunicado desligaba a ISA InterChile de los al menos &#8220;tres fallos&#8221; en la reposici\u00f3n informados por el ministro de Energ\u00eda, Diego Pardow, la empresa destac\u00f3 que las protecciones son sistemas electr\u00f3nicos y de software sofisticados, interconectados por fibra \u00f3ptica. En este caso, el esquema de protecci\u00f3n oper\u00f3 sin la existencia de una falla real en la l\u00ednea.<\/p>\n","protected":false},"excerpt":{"rendered":"<p>En un contexto donde varias regiones del territorio nacional enfrentaron interrupciones en el servicio el\u00e9ctrico, ISA InterChile, empresa responsable de la falla, ha proporcionado detalles sobre lo ocurrido<\/p>\n","protected":false},"author":2,"featured_media":12267,"comment_status":"closed","ping_status":"open","sticky":false,"template":"","format":"standard","meta":{"_jetpack_memberships_contains_paid_content":false,"jnews-multi-image_gallery":[],"jnews_single_post":[],"jnews_primary_category":[],"jnews_social_meta":[],"jnews_paywall_metabox":[],"jnews_review":[],"enable_review":"","type":"","name":"","summary":"","brand":"","sku":"","good":[],"bad":[],"score_override":"","override_value":"","rating":[],"price":[],"jnews_override_counter":[],"jnews_post_split":[],"footnotes":""},"categories":[21],"tags":[],"class_list":["post-12268","post","type-post","status-publish","format-standard","has-post-thumbnail","hentry","category-nacional"],"jetpack_featured_media_url":"https:\/\/laserenaradio.cl\/web\/wp-content\/uploads\/2025\/02\/homepiaiextractoscrapimg_predeterminadalaserenaradio_nacional-5.webp","jetpack_sharing_enabled":true,"_links":{"self":[{"href":"https:\/\/laserenaradio.cl\/web\/wp-json\/wp\/v2\/posts\/12268","targetHints":{"allow":["GET"]}}],"collection":[{"href":"https:\/\/laserenaradio.cl\/web\/wp-json\/wp\/v2\/posts"}],"about":[{"href":"https:\/\/laserenaradio.cl\/web\/wp-json\/wp\/v2\/types\/post"}],"author":[{"embeddable":true,"href":"https:\/\/laserenaradio.cl\/web\/wp-json\/wp\/v2\/users\/2"}],"replies":[{"embeddable":true,"href":"https:\/\/laserenaradio.cl\/web\/wp-json\/wp\/v2\/comments?post=12268"}],"version-history":[{"count":1,"href":"https:\/\/laserenaradio.cl\/web\/wp-json\/wp\/v2\/posts\/12268\/revisions"}],"predecessor-version":[{"id":12269,"href":"https:\/\/laserenaradio.cl\/web\/wp-json\/wp\/v2\/posts\/12268\/revisions\/12269"}],"wp:featuredmedia":[{"embeddable":true,"href":"https:\/\/laserenaradio.cl\/web\/wp-json\/wp\/v2\/media\/12267"}],"wp:attachment":[{"href":"https:\/\/laserenaradio.cl\/web\/wp-json\/wp\/v2\/media?parent=12268"}],"wp:term":[{"taxonomy":"category","embeddable":true,"href":"https:\/\/laserenaradio.cl\/web\/wp-json\/wp\/v2\/categories?post=12268"},{"taxonomy":"post_tag","embeddable":true,"href":"https:\/\/laserenaradio.cl\/web\/wp-json\/wp\/v2\/tags?post=12268"}],"curies":[{"name":"wp","href":"https:\/\/api.w.org\/{rel}","templated":true}]}}