{"id":12265,"date":"2025-02-26T09:12:38","date_gmt":"2025-02-26T12:12:38","guid":{"rendered":"https:\/\/laserenaradio.cl\/web\/?p=12265"},"modified":"2025-02-26T09:12:38","modified_gmt":"2025-02-26T12:12:38","slug":"fin-del-toque-de-queda-y-estado-de-excepcion-tras-restablecimiento-de-suministro-electrico-en-chile","status":"publish","type":"post","link":"https:\/\/laserenaradio.cl\/web\/2025\/02\/26\/fin-del-toque-de-queda-y-estado-de-excepcion-tras-restablecimiento-de-suministro-electrico-en-chile\/","title":{"rendered":"Fin del toque de queda y Estado de Excepci\u00f3n tras restablecimiento de suministro el\u00e9ctrico en Chile"},"content":{"rendered":"<p><b>La ministra del Interior, Carolina Toh\u00e1, ha comunicado el final del Estado de Excepci\u00f3n por Cat\u00e1strofe y el fin del toque de queda, tras la recuperaci\u00f3n parcial del suministro el\u00e9ctrico en diversas regiones del pa\u00eds, afectadas por un megacorte este martes<\/b><!--more-->.<\/p>\n<p>Durante un Cogrid nacional celebrada en las instalaciones del <a href=\"http:\/\/www.senapred.cl\">Senapred<\/a>, Toh\u00e1 revel\u00f3 que 207 personas fueron detenidas durante el toque de queda, incluyendo algunos que no respetaron la medida y otros involucrados en actividades il\u00edcitas.<\/p>\n<p>Toh\u00e1 tambi\u00e9n atribuy\u00f3 la demora en la restituci\u00f3n del suministro el\u00e9ctrico a robos de conductores el\u00e9ctricos ocurridos durante la noche, un hecho que deber\u00e1 ser investigado por las autoridades correspondientes. Asimismo, inform\u00f3 sobre el lamentable fallecimiento de tres personas electrodependientes cuyas muertes no parecen estar relacionadas con la emergencia actual. No obstante, Toh\u00e1 se\u00f1al\u00f3 que el <a href=\"http:\/\/www.minsal.cl\/\">Ministerio de Salud<\/a> realizar\u00e1 las investigaciones pertinentes para determinar si hay alguna conexi\u00f3n entre estas tragedias y la situaci\u00f3n de emergencia.<\/p>\n<p>Esta decisi\u00f3n se basa en los avances realizados en la restauraci\u00f3n del suministro el\u00e9ctrico y en la implementaci\u00f3n efectiva del toque de queda, que ha permitido reducir la criminalidad y garantizar la seguridad ciudadana.<\/p>\n","protected":false},"excerpt":{"rendered":"<p>La ministra del Interior, Carolina Toh\u00e1, ha comunicado el final del Estado de Excepci\u00f3n por Cat\u00e1strofe y el fin del toque de queda, tras la recuperaci\u00f3n parcial del suministro el\u00e9ctrico en diversas regiones del pa\u00eds, afectadas por un megacorte este martes<\/p>\n","protected":false},"author":2,"featured_media":12264,"comment_status":"closed","ping_status":"open","sticky":false,"template":"","format":"standard","meta":{"_jetpack_memberships_contains_paid_content":false,"jnews-multi-image_gallery":[],"jnews_single_post":[],"jnews_primary_category":[],"jnews_social_meta":[],"jnews_paywall_metabox":[],"jnews_review":[],"enable_review":"","type":"","name":"","summary":"","brand":"","sku":"","good":[],"bad":[],"score_override":"","override_value":"","rating":[],"price":[],"jnews_override_counter":[],"jnews_post_split":[],"footnotes":""},"categories":[21],"tags":[],"class_list":["post-12265","post","type-post","status-publish","format-standard","has-post-thumbnail","hentry","category-nacional"],"jetpack_featured_media_url":"https:\/\/laserenaradio.cl\/web\/wp-content\/uploads\/2025\/02\/homepiaiextractoscrapimg_webptoquequedasuministroEstado_1.webp","jetpack_sharing_enabled":true,"_links":{"self":[{"href":"https:\/\/laserenaradio.cl\/web\/wp-json\/wp\/v2\/posts\/12265","targetHints":{"allow":["GET"]}}],"collection":[{"href":"https:\/\/laserenaradio.cl\/web\/wp-json\/wp\/v2\/posts"}],"about":[{"href":"https:\/\/laserenaradio.cl\/web\/wp-json\/wp\/v2\/types\/post"}],"author":[{"embeddable":true,"href":"https:\/\/laserenaradio.cl\/web\/wp-json\/wp\/v2\/users\/2"}],"replies":[{"embeddable":true,"href":"https:\/\/laserenaradio.cl\/web\/wp-json\/wp\/v2\/comments?post=12265"}],"version-history":[{"count":1,"href":"https:\/\/laserenaradio.cl\/web\/wp-json\/wp\/v2\/posts\/12265\/revisions"}],"predecessor-version":[{"id":12266,"href":"https:\/\/laserenaradio.cl\/web\/wp-json\/wp\/v2\/posts\/12265\/revisions\/12266"}],"wp:featuredmedia":[{"embeddable":true,"href":"https:\/\/laserenaradio.cl\/web\/wp-json\/wp\/v2\/media\/12264"}],"wp:attachment":[{"href":"https:\/\/laserenaradio.cl\/web\/wp-json\/wp\/v2\/media?parent=12265"}],"wp:term":[{"taxonomy":"category","embeddable":true,"href":"https:\/\/laserenaradio.cl\/web\/wp-json\/wp\/v2\/categories?post=12265"},{"taxonomy":"post_tag","embeddable":true,"href":"https:\/\/laserenaradio.cl\/web\/wp-json\/wp\/v2\/tags?post=12265"}],"curies":[{"name":"wp","href":"https:\/\/api.w.org\/{rel}","templated":true}]}}