{"id":12259,"date":"2025-02-25T15:37:14","date_gmt":"2025-02-25T18:37:14","guid":{"rendered":"https:\/\/laserenaradio.cl\/web\/?p=12259"},"modified":"2025-02-25T15:37:14","modified_gmt":"2025-02-25T18:37:14","slug":"gran-parte-del-centro-sur-de-chile-sufre-cortes-de-energia","status":"publish","type":"post","link":"https:\/\/laserenaradio.cl\/web\/2025\/02\/25\/gran-parte-del-centro-sur-de-chile-sufre-cortes-de-energia\/","title":{"rendered":"Gran parte del centro-sur de Chile sufre cortes de energ\u00eda"},"content":{"rendered":"<p><b>En la tarde de este martes, un significativo corte de luz ha afectado gran parte del territorio chileno<\/b><!--more-->.<\/p>\n<p>Seg\u00fan informes, el problema se centra en la zona centro sur del pa\u00eds, abarcando desde La Serena hasta Puerto Montt, incluyendo la isla de Chilo\u00e9.<\/p>\n<p>El \u00e1rea afectada por este corte el\u00e9ctrico es extensa y ha causado inquietud entre los residentes y empresas locales.<\/p>\n","protected":false},"excerpt":{"rendered":"<p>En la tarde de este martes, un significativo corte de luz ha afectado gran parte del territorio chileno<\/p>\n","protected":false},"author":2,"featured_media":12258,"comment_status":"closed","ping_status":"open","sticky":false,"template":"","format":"standard","meta":{"_jetpack_memberships_contains_paid_content":false,"jnews-multi-image_gallery":[],"jnews_single_post":[],"jnews_primary_category":[],"jnews_social_meta":[],"jnews_paywall_metabox":[],"jnews_review":[],"enable_review":"","type":"","name":"","summary":"","brand":"","sku":"","good":[],"bad":[],"score_override":"","override_value":"","rating":[],"price":[],"jnews_override_counter":[],"jnews_post_split":[],"footnotes":""},"categories":[21],"tags":[],"class_list":["post-12259","post","type-post","status-publish","format-standard","has-post-thumbnail","hentry","category-nacional"],"jetpack_featured_media_url":"https:\/\/laserenaradio.cl\/web\/wp-content\/uploads\/2025\/02\/homepiaiextractoscrapimg_predeterminadalaserenaradio_ultimo_minuto.webp","jetpack_sharing_enabled":true,"_links":{"self":[{"href":"https:\/\/laserenaradio.cl\/web\/wp-json\/wp\/v2\/posts\/12259","targetHints":{"allow":["GET"]}}],"collection":[{"href":"https:\/\/laserenaradio.cl\/web\/wp-json\/wp\/v2\/posts"}],"about":[{"href":"https:\/\/laserenaradio.cl\/web\/wp-json\/wp\/v2\/types\/post"}],"author":[{"embeddable":true,"href":"https:\/\/laserenaradio.cl\/web\/wp-json\/wp\/v2\/users\/2"}],"replies":[{"embeddable":true,"href":"https:\/\/laserenaradio.cl\/web\/wp-json\/wp\/v2\/comments?post=12259"}],"version-history":[{"count":1,"href":"https:\/\/laserenaradio.cl\/web\/wp-json\/wp\/v2\/posts\/12259\/revisions"}],"predecessor-version":[{"id":12260,"href":"https:\/\/laserenaradio.cl\/web\/wp-json\/wp\/v2\/posts\/12259\/revisions\/12260"}],"wp:featuredmedia":[{"embeddable":true,"href":"https:\/\/laserenaradio.cl\/web\/wp-json\/wp\/v2\/media\/12258"}],"wp:attachment":[{"href":"https:\/\/laserenaradio.cl\/web\/wp-json\/wp\/v2\/media?parent=12259"}],"wp:term":[{"taxonomy":"category","embeddable":true,"href":"https:\/\/laserenaradio.cl\/web\/wp-json\/wp\/v2\/categories?post=12259"},{"taxonomy":"post_tag","embeddable":true,"href":"https:\/\/laserenaradio.cl\/web\/wp-json\/wp\/v2\/tags?post=12259"}],"curies":[{"name":"wp","href":"https:\/\/api.w.org\/{rel}","templated":true}]}}