{"id":12256,"date":"2025-02-25T15:01:06","date_gmt":"2025-02-25T18:01:06","guid":{"rendered":"https:\/\/laserenaradio.cl\/web\/?p=12256"},"modified":"2025-02-25T15:01:06","modified_gmt":"2025-02-25T18:01:06","slug":"el-partido-socialista-le-pidio-a-michelle-bachelet-reconsiderar-su-negativa-a-ser-candidata","status":"publish","type":"post","link":"https:\/\/laserenaradio.cl\/web\/2025\/02\/25\/el-partido-socialista-le-pidio-a-michelle-bachelet-reconsiderar-su-negativa-a-ser-candidata\/","title":{"rendered":"El Partido Socialista le pidi\u00f3 a Michelle Bachelet reconsiderar su negativa a ser candidata"},"content":{"rendered":"<p><b>El hist\u00f3rico dirigente del Partido Socialista, Camilo Escalona, ha revelado que la presidenta del partido, Paulina Vodanovic, solicit\u00f3 a la expresidenta Michelle Bachelet reconsiderar su decisi\u00f3n de no postularse como candidata presidencial<\/b><!--more-->.<\/p>\n<p>Bachelet, quien fue jefa de las Naciones Unidas para la Igualdad de G\u00e9nero y el Empoderamiento de las Mujeres, es considerada una figura clave en las elecciones del pr\u00f3ximo noviembre debido a su gran popularidad dentro de Socialismo Democr\u00e1tico y el Frente Amplio.<\/p>\n<p>Si Bachelet no se postula, Carolina Toh\u00e1, ministra del Interior, podr\u00eda ser la candidata oficial, pero sus niveles de aprobaci\u00f3n son inferiores a los que ha demostrado Bachelet en las \u00faltimas encuestas.<\/p>\n<p>Escalona asegur\u00f3 que el PS ha pedido a Bachelet reevaluar su negativa. \u201cHay un problema que puede ser mayor si ella no compite\u201d, se\u00f1al\u00f3, agregando que \u201cel partido le ha solicitado a la expresidenta que reconsidere su decisi\u00f3n\u201d.<\/p>\n<p>En enero pasado, el PS pidi\u00f3 a Bachelet que evaluara de nuevo las razones que llevaron a su decisi\u00f3n inicial.<\/p>\n<p>Seg\u00fan Escalona, \u201cen las circunstancias actuales del pa\u00eds, es evidente que Bachelet se encuentra en las mejores condiciones para competir\u201d. Si Bachelet no postula, la posibilidad de una carrera electoral entre ella y Evelyn Matthei podr\u00eda abrir un escenario donde los comicios no est\u00e9n resueltos de antemano.<\/p>\n<p>\u201cEs la persona capaz de generar esa competencia real que hoy en d\u00eda nuestro mundo necesita\u201d, concluy\u00f3 Escalona.<\/p>\n","protected":false},"excerpt":{"rendered":"<p>El hist\u00f3rico dirigente del Partido Socialista, Camilo Escalona, ha revelado que la presidenta del partido, Paulina Vodanovic, solicit\u00f3 a la expresidenta Michelle Bachelet reconsiderar su decisi\u00f3n de no postularse como candidata presidencial<\/p>\n","protected":false},"author":2,"featured_media":12255,"comment_status":"closed","ping_status":"open","sticky":false,"template":"","format":"standard","meta":{"_jetpack_memberships_contains_paid_content":false,"jnews-multi-image_gallery":[],"jnews_single_post":[],"jnews_primary_category":[],"jnews_social_meta":[],"jnews_paywall_metabox":[],"jnews_review":[],"enable_review":"","type":"","name":"","summary":"","brand":"","sku":"","good":[],"bad":[],"score_override":"","override_value":"","rating":[],"price":[],"jnews_override_counter":[],"jnews_post_split":[],"footnotes":""},"categories":[83],"tags":[],"class_list":["post-12256","post","type-post","status-publish","format-standard","has-post-thumbnail","hentry","category-politica"],"jetpack_featured_media_url":"https:\/\/laserenaradio.cl\/web\/wp-content\/uploads\/2025\/02\/homepiaiextractoscrapimg_webpBacheletMichelleBacheletcandidataEscalona_0.webp","jetpack_sharing_enabled":true,"_links":{"self":[{"href":"https:\/\/laserenaradio.cl\/web\/wp-json\/wp\/v2\/posts\/12256","targetHints":{"allow":["GET"]}}],"collection":[{"href":"https:\/\/laserenaradio.cl\/web\/wp-json\/wp\/v2\/posts"}],"about":[{"href":"https:\/\/laserenaradio.cl\/web\/wp-json\/wp\/v2\/types\/post"}],"author":[{"embeddable":true,"href":"https:\/\/laserenaradio.cl\/web\/wp-json\/wp\/v2\/users\/2"}],"replies":[{"embeddable":true,"href":"https:\/\/laserenaradio.cl\/web\/wp-json\/wp\/v2\/comments?post=12256"}],"version-history":[{"count":1,"href":"https:\/\/laserenaradio.cl\/web\/wp-json\/wp\/v2\/posts\/12256\/revisions"}],"predecessor-version":[{"id":12257,"href":"https:\/\/laserenaradio.cl\/web\/wp-json\/wp\/v2\/posts\/12256\/revisions\/12257"}],"wp:featuredmedia":[{"embeddable":true,"href":"https:\/\/laserenaradio.cl\/web\/wp-json\/wp\/v2\/media\/12255"}],"wp:attachment":[{"href":"https:\/\/laserenaradio.cl\/web\/wp-json\/wp\/v2\/media?parent=12256"}],"wp:term":[{"taxonomy":"category","embeddable":true,"href":"https:\/\/laserenaradio.cl\/web\/wp-json\/wp\/v2\/categories?post=12256"},{"taxonomy":"post_tag","embeddable":true,"href":"https:\/\/laserenaradio.cl\/web\/wp-json\/wp\/v2\/tags?post=12256"}],"curies":[{"name":"wp","href":"https:\/\/api.w.org\/{rel}","templated":true}]}}