{"id":12253,"date":"2025-02-25T13:11:19","date_gmt":"2025-02-25T16:11:19","guid":{"rendered":"https:\/\/laserenaradio.cl\/web\/?p=12253"},"modified":"2025-02-25T13:11:19","modified_gmt":"2025-02-25T16:11:19","slug":"la-camara-de-diputados-busca-frenar-los-cambios-en-las-cuotas-de-pesca-del-senado","status":"publish","type":"post","link":"https:\/\/laserenaradio.cl\/web\/2025\/02\/25\/la-camara-de-diputados-busca-frenar-los-cambios-en-las-cuotas-de-pesca-del-senado\/","title":{"rendered":"La C\u00e1mara de Diputados busca frenar los cambios en las cuotas de pesca del Senado"},"content":{"rendered":"<p><b>El diputado Luis Cuello (PC) expres\u00f3 su preocupaci\u00f3n sobre el fraccionamiento de cuotas de pesca en la discusi\u00f3n de la Ley de Pesca en el Congreso, tras participar en una asamblea con pescadores artesanales<\/b><!--more-->.<\/p>\n<p>Seg\u00fan Cuello, los cambios propuestos por el Senado representan un retroceso para la pesca artesanal. El parlamentario oficialista subray\u00f3 que, en el caso de la merluza com\u00fan, se hab\u00eda aprobado asignar un 70% de cuota para la pesca artesanal y solo un 30% para la industria. Sin embargo, una reciente resoluci\u00f3n de la Comisi\u00f3n de Pesca del Senado modific\u00f3 esto, otorgando el 57% a la industria. Esto perjudica claramente a la pesca artesanal.<\/p>\n<p>Cuello emplaz\u00f3 a los senadores que est\u00e1n facilitando este cambio a que expliquen por qu\u00e9 defienden los intereses de la gran pesca industrial y se\u00f1al\u00f3 que el partido apoyar\u00e1 todas las movilizaciones de los pescadores artesanales.<\/p>\n<p>Seg\u00fan Cuello, este nuevo fraccionamiento rompe con la esencia de la ley Longueira.<\/p>\n<p>Miguel \u00c1ngel Hern\u00e1ndez, presidente de la federaci\u00f3n de pescadores artesanales Nuevo Amanecer, afirm\u00f3 que la asamblea concluy\u00f3 defendiendo las tres pesquer\u00edas m\u00e1s importantes: jibia, merluza com\u00fan y jurel. Estas se ganaron en la Comisi\u00f3n de Pesca de la C\u00e1mara de Diputados.<\/p>\n<p>Respecto a los objetivos de la movilizaci\u00f3n, Hern\u00e1ndez se\u00f1al\u00f3 que buscan sensibilizar a Gast\u00f3n Saavedra, Miguel Espinoza y Loreto Carvajal. Estos son parte del gobierno pero votaron en contra de la pesca artesanal.<\/p>\n<p>Hern\u00e1ndez agreg\u00f3 que esperan sensibilizar a estos diputados para que comprendan que la pesca artesanal es vital para alimentar a la poblaci\u00f3n y al pa\u00eds, y que estar\u00e1n pendientes de sus acciones.<\/p>\n","protected":false},"excerpt":{"rendered":"<p>El diputado Luis Cuello (PC) expres\u00f3 su preocupaci\u00f3n sobre el fraccionamiento de cuotas de pesca en la discusi\u00f3n de la Ley de Pesca en el Congreso, tras participar en una asamblea con pescadores artesanales<\/p>\n","protected":false},"author":2,"featured_media":12252,"comment_status":"closed","ping_status":"open","sticky":false,"template":"","format":"standard","meta":{"_jetpack_memberships_contains_paid_content":false,"jnews-multi-image_gallery":[],"jnews_single_post":[],"jnews_primary_category":[],"jnews_social_meta":[],"jnews_paywall_metabox":[],"jnews_review":[],"enable_review":"","type":"","name":"","summary":"","brand":"","sku":"","good":[],"bad":[],"score_override":"","override_value":"","rating":[],"price":[],"jnews_override_counter":[],"jnews_post_split":[],"footnotes":""},"categories":[83],"tags":[],"class_list":["post-12253","post","type-post","status-publish","format-standard","has-post-thumbnail","hentry","category-politica"],"jetpack_featured_media_url":"https:\/\/laserenaradio.cl\/web\/wp-content\/uploads\/2025\/02\/homepiaiextractoscrapimg_webppescaartesanalPescapescadores_0.webp","jetpack_sharing_enabled":true,"_links":{"self":[{"href":"https:\/\/laserenaradio.cl\/web\/wp-json\/wp\/v2\/posts\/12253","targetHints":{"allow":["GET"]}}],"collection":[{"href":"https:\/\/laserenaradio.cl\/web\/wp-json\/wp\/v2\/posts"}],"about":[{"href":"https:\/\/laserenaradio.cl\/web\/wp-json\/wp\/v2\/types\/post"}],"author":[{"embeddable":true,"href":"https:\/\/laserenaradio.cl\/web\/wp-json\/wp\/v2\/users\/2"}],"replies":[{"embeddable":true,"href":"https:\/\/laserenaradio.cl\/web\/wp-json\/wp\/v2\/comments?post=12253"}],"version-history":[{"count":1,"href":"https:\/\/laserenaradio.cl\/web\/wp-json\/wp\/v2\/posts\/12253\/revisions"}],"predecessor-version":[{"id":12254,"href":"https:\/\/laserenaradio.cl\/web\/wp-json\/wp\/v2\/posts\/12253\/revisions\/12254"}],"wp:featuredmedia":[{"embeddable":true,"href":"https:\/\/laserenaradio.cl\/web\/wp-json\/wp\/v2\/media\/12252"}],"wp:attachment":[{"href":"https:\/\/laserenaradio.cl\/web\/wp-json\/wp\/v2\/media?parent=12253"}],"wp:term":[{"taxonomy":"category","embeddable":true,"href":"https:\/\/laserenaradio.cl\/web\/wp-json\/wp\/v2\/categories?post=12253"},{"taxonomy":"post_tag","embeddable":true,"href":"https:\/\/laserenaradio.cl\/web\/wp-json\/wp\/v2\/tags?post=12253"}],"curies":[{"name":"wp","href":"https:\/\/api.w.org\/{rel}","templated":true}]}}