{"id":12250,"date":"2025-02-25T12:59:56","date_gmt":"2025-02-25T15:59:56","guid":{"rendered":"https:\/\/laserenaradio.cl\/web\/?p=12250"},"modified":"2025-02-25T12:59:56","modified_gmt":"2025-02-25T15:59:56","slug":"la-corte-de-apelaciones-de-santiago-ordeno-el-regreso-a-prision-preventiva-de-cathy-barriga","status":"publish","type":"post","link":"https:\/\/laserenaradio.cl\/web\/2025\/02\/25\/la-corte-de-apelaciones-de-santiago-ordeno-el-regreso-a-prision-preventiva-de-cathy-barriga\/","title":{"rendered":"La Corte de Apelaciones de Santiago orden\u00f3 el regreso a prisi\u00f3n preventiva de Cathy Barriga"},"content":{"rendered":"<p><b>La Corte de Apelaciones de Santiago ha confirmado el arresto domiciliario total de Cathy Barriga, quien enfrenta acusaciones por fraude al fisco y falsificaci\u00f3n<\/b><!--more-->.<\/p>\n<p>La exalcaldesa de Maip\u00fa regres\u00f3 a prisi\u00f3n preventiva tras ser liberada temporalmente en febrero reciente.<\/p>\n<p>En una audiencia reciente, el abogado querellante Jos\u00e9 Pedro Silva present\u00f3 argumentos para reafirmar la prisi\u00f3n preventiva.<\/p>\n<p>Silva explic\u00f3 que se hab\u00edan incorporado nuevas evidencias que afectan a la imputada y anticip\u00f3 que participar\u00e1 en la audiencia de formalizaci\u00f3n programada para el 15 de abril, donde la exalcaldesa ser\u00e1 acusada por delitos de malversaci\u00f3n de caudales p\u00fablicos reiterados y negociaci\u00f3n incompatible.<\/p>\n<p>La historia judicial de Cathy Barriga se remonta a septiembre de 2024, cuando se a\u00f1adieron cuatro cargos adicionales de falsificaci\u00f3n de instrumento p\u00fablico.<\/p>\n<p>El 12 de noviembre pasado, el Noveno Juzgado de Garant\u00eda la conden\u00f3 inicialmente a prisi\u00f3n preventiva en San Miguel; sin embargo, su situaci\u00f3n cambi\u00f3 el 18 de diciembre, cuando se modific\u00f3 a arresto domiciliario total.<\/p>\n<p>El 26 de diciembre, la Corte de Apelaciones de Santiago revoc\u00f3 esa decisi\u00f3n y volvi\u00f3 a ordenar la prisi\u00f3n preventiva.<\/p>\n<p>La exalcaldesa pas\u00f3 el A\u00f1o Nuevo en una c\u00e1rcel chilena y reci\u00e9n fue liberada el pasado lunes.<\/p>\n<p>Ahora, el querellante busca que la misma Corte de Apelaciones revogue la decisi\u00f3n favorable para Barriga dictaminada por la jueza Mar\u00eda In\u00e9s Lausen, quien ha sido responsable de su libertad en dos ocasiones.<\/p>\n","protected":false},"excerpt":{"rendered":"<p>La Corte de Apelaciones de Santiago ha confirmado el arresto domiciliario total de Cathy Barriga, quien enfrenta acusaciones por fraude al fisco y falsificaci\u00f3n<\/p>\n","protected":false},"author":2,"featured_media":12249,"comment_status":"closed","ping_status":"open","sticky":false,"template":"","format":"standard","meta":{"_jetpack_memberships_contains_paid_content":false,"jnews-multi-image_gallery":[],"jnews_single_post":[],"jnews_primary_category":[],"jnews_social_meta":[],"jnews_paywall_metabox":[],"jnews_review":[],"enable_review":"","type":"","name":"","summary":"","brand":"","sku":"","good":[],"bad":[],"score_override":"","override_value":"","rating":[],"price":[],"jnews_override_counter":[],"jnews_post_split":[],"footnotes":""},"categories":[21],"tags":[],"class_list":["post-12250","post","type-post","status-publish","format-standard","has-post-thumbnail","hentry","category-nacional"],"jetpack_featured_media_url":"https:\/\/laserenaradio.cl\/web\/wp-content\/uploads\/2025\/02\/homepiaiextractoscrapimg_webppreventivaApelacionesSantiagoCathyBarriga_1.webp","jetpack_sharing_enabled":true,"_links":{"self":[{"href":"https:\/\/laserenaradio.cl\/web\/wp-json\/wp\/v2\/posts\/12250","targetHints":{"allow":["GET"]}}],"collection":[{"href":"https:\/\/laserenaradio.cl\/web\/wp-json\/wp\/v2\/posts"}],"about":[{"href":"https:\/\/laserenaradio.cl\/web\/wp-json\/wp\/v2\/types\/post"}],"author":[{"embeddable":true,"href":"https:\/\/laserenaradio.cl\/web\/wp-json\/wp\/v2\/users\/2"}],"replies":[{"embeddable":true,"href":"https:\/\/laserenaradio.cl\/web\/wp-json\/wp\/v2\/comments?post=12250"}],"version-history":[{"count":1,"href":"https:\/\/laserenaradio.cl\/web\/wp-json\/wp\/v2\/posts\/12250\/revisions"}],"predecessor-version":[{"id":12251,"href":"https:\/\/laserenaradio.cl\/web\/wp-json\/wp\/v2\/posts\/12250\/revisions\/12251"}],"wp:featuredmedia":[{"embeddable":true,"href":"https:\/\/laserenaradio.cl\/web\/wp-json\/wp\/v2\/media\/12249"}],"wp:attachment":[{"href":"https:\/\/laserenaradio.cl\/web\/wp-json\/wp\/v2\/media?parent=12250"}],"wp:term":[{"taxonomy":"category","embeddable":true,"href":"https:\/\/laserenaradio.cl\/web\/wp-json\/wp\/v2\/categories?post=12250"},{"taxonomy":"post_tag","embeddable":true,"href":"https:\/\/laserenaradio.cl\/web\/wp-json\/wp\/v2\/tags?post=12250"}],"curies":[{"name":"wp","href":"https:\/\/api.w.org\/{rel}","templated":true}]}}