{"id":12247,"date":"2025-02-25T12:57:29","date_gmt":"2025-02-25T15:57:29","guid":{"rendered":"https:\/\/laserenaradio.cl\/web\/?p=12247"},"modified":"2025-02-25T12:57:29","modified_gmt":"2025-02-25T15:57:29","slug":"la-secretaria-general-del-pc-evita-opinar-sobre-decision-del-gobierno-de-enviar-antecedentes-a-la-cpi","status":"publish","type":"post","link":"https:\/\/laserenaradio.cl\/web\/2025\/02\/25\/la-secretaria-general-del-pc-evita-opinar-sobre-decision-del-gobierno-de-enviar-antecedentes-a-la-cpi\/","title":{"rendered":"La secretaria general del PC evita opinar sobre decisi\u00f3n del gobierno de enviar antecedentes a la CPI"},"content":{"rendered":"<p><b>Al ser consultada, B\u00e1rbara Figueroa, secretaria general del Partido Comunista (PC), evit\u00f3 hacer comentarios sobre la decisi\u00f3n gubernamental de enviar antecedentes relacionados con Ronald Ojeda a la Corte Penal Internacional (CPI)<\/b><!--more-->.<\/p>\n<p>Este caso es relevante en el contexto de cr\u00edmenes de lesa humanidad y violaciones de derechos humanos investigadas por la CPI.<\/p>\n<p>En un pronunciamiento claro, Figueroa indic\u00f3 que su partido respeta las decisiones del Ejecutivo. &#8220;Como secretaria general, no nos corresponde hacer comentarios espec\u00edficos sobre esta decisi\u00f3n&#8221;, afirm\u00f3.<\/p>\n<p>La postura partidaria es firme: &#8220;Nunca hemos avalado ning\u00fan asesinato&#8221;, agreg\u00f3 en referencia al caso Ojeda.<\/p>\n<p>Respecto a la eventual participaci\u00f3n del gobierno venezolano en el secuestro y asesinato de Ronald Ojeda, Figueroa subray\u00f3 que estas cuestiones son competencia exclusiva del Ejecutivo. &#8220;Es responsabilidad del gobierno pronunciarse sobre estos temas&#8221;, concluy\u00f3.<\/p>\n<p>Este incidente contin\u00faa generando debate y preocupaci\u00f3n en el contexto pol\u00edtico local e internacional, especialmente en relaci\u00f3n con la investigaci\u00f3n de cr\u00edmenes graves contra la humanidad.<\/p>\n","protected":false},"excerpt":{"rendered":"<p>Al ser consultada, B\u00e1rbara Figueroa, secretaria general del Partido Comunista (PC), evit\u00f3 hacer comentarios sobre la decisi\u00f3n gubernamental de enviar antecedentes relacionados con Ronald Ojeda a la Corte Penal Internacional (CPI)<\/p>\n","protected":false},"author":2,"featured_media":12246,"comment_status":"closed","ping_status":"open","sticky":false,"template":"","format":"standard","meta":{"_jetpack_memberships_contains_paid_content":false,"jnews-multi-image_gallery":[],"jnews_single_post":[],"jnews_primary_category":[],"jnews_social_meta":[],"jnews_paywall_metabox":[],"jnews_review":[],"enable_review":"","type":"","name":"","summary":"","brand":"","sku":"","good":[],"bad":[],"score_override":"","override_value":"","rating":[],"price":[],"jnews_override_counter":[],"jnews_post_split":[],"footnotes":""},"categories":[83],"tags":[],"class_list":["post-12247","post","type-post","status-publish","format-standard","has-post-thumbnail","hentry","category-politica"],"jetpack_featured_media_url":"https:\/\/laserenaradio.cl\/web\/wp-content\/uploads\/2025\/02\/homepiaiextractoscrapimg_predeterminadalaserenaradio_politica.webp","jetpack_sharing_enabled":true,"_links":{"self":[{"href":"https:\/\/laserenaradio.cl\/web\/wp-json\/wp\/v2\/posts\/12247","targetHints":{"allow":["GET"]}}],"collection":[{"href":"https:\/\/laserenaradio.cl\/web\/wp-json\/wp\/v2\/posts"}],"about":[{"href":"https:\/\/laserenaradio.cl\/web\/wp-json\/wp\/v2\/types\/post"}],"author":[{"embeddable":true,"href":"https:\/\/laserenaradio.cl\/web\/wp-json\/wp\/v2\/users\/2"}],"replies":[{"embeddable":true,"href":"https:\/\/laserenaradio.cl\/web\/wp-json\/wp\/v2\/comments?post=12247"}],"version-history":[{"count":1,"href":"https:\/\/laserenaradio.cl\/web\/wp-json\/wp\/v2\/posts\/12247\/revisions"}],"predecessor-version":[{"id":12248,"href":"https:\/\/laserenaradio.cl\/web\/wp-json\/wp\/v2\/posts\/12247\/revisions\/12248"}],"wp:featuredmedia":[{"embeddable":true,"href":"https:\/\/laserenaradio.cl\/web\/wp-json\/wp\/v2\/media\/12246"}],"wp:attachment":[{"href":"https:\/\/laserenaradio.cl\/web\/wp-json\/wp\/v2\/media?parent=12247"}],"wp:term":[{"taxonomy":"category","embeddable":true,"href":"https:\/\/laserenaradio.cl\/web\/wp-json\/wp\/v2\/categories?post=12247"},{"taxonomy":"post_tag","embeddable":true,"href":"https:\/\/laserenaradio.cl\/web\/wp-json\/wp\/v2\/tags?post=12247"}],"curies":[{"name":"wp","href":"https:\/\/api.w.org\/{rel}","templated":true}]}}