{"id":12242,"date":"2025-02-25T12:54:32","date_gmt":"2025-02-25T15:54:32","guid":{"rendered":"https:\/\/laserenaradio.cl\/web\/?p=12242"},"modified":"2025-02-25T12:55:43","modified_gmt":"2025-02-25T15:55:43","slug":"un-hombre-en-una-silla-de-ruedas-recorre-90-km-h-por-una-ruta-publica","status":"publish","type":"post","link":"https:\/\/laserenaradio.cl\/web\/2025\/02\/25\/un-hombre-en-una-silla-de-ruedas-recorre-90-km-h-por-una-ruta-publica\/","title":{"rendered":"Un hombre en una silla de ruedas a 90 km\/h por una ruta p\u00fablica"},"content":{"rendered":"\n<p><b>En la comuna de San Fernando, regi\u00f3n de O&#8217;Higgins, se registr\u00f3 un peligroso episodio en el que un individuo manejaba una silla de ruedas a casi 90 kil\u00f3metros por hora, en la Ruta 90, a la altura del paso inferior de San Fernando<\/b><\/p>\n\n\n\n<!--more-->\n\n\n\n<p>.<\/p>\n\n\n\n<p>Este comportamiento, difundido en redes sociales con humor bajo el t\u00edtulo \u201c90 km\/h en su silla de ruedas. Ni Toretto se atrevi\u00f3 a tanto\u201d, fue rechazado por la Municipalidad de San Fernando.<\/p>\n\n\n\n<p>Seg\u00fan las autoridades locales, el video demuestra un riesgo inminente de accidente de tr\u00e1nsito, ya que la estructura moderna de una silla de ruedas no est\u00e1 dise\u00f1ada para desplazarse a esta velocidad en calzadas con doble tr\u00e1nsito. Adem\u00e1s, se considera necesario promover la responsabilidad y evitar acciones temerarias e imprudentes.<\/p>\n\n\n\n<p>La Municipalidad hizo un llamado a la conciencia y pidi\u00f3 cuidar la sana convivencia y respetar la Ley de Tr\u00e1nsito.<\/p>\n\n\n\n<p>&#8220;Rechazo absoluto a este tipo de acciones que atentan contra las normas de sana convivencia y, por supuesto, las normas de la Ley de Tr\u00e1nsito&#8221;, concluyeron en un comunicado oficial.<\/p>\n\n\n\n<figure class=\"wp-block-embed is-type-rich is-provider-twitter wp-block-embed-twitter\"><div class=\"wp-block-embed__wrapper\">\n<blockquote class=\"twitter-tweet\" data-width=\"500\" data-dnt=\"true\"><p lang=\"es\" dir=\"ltr\">DE NO CREER<br>Graban a sujeto en silla de ruedas circulando a 90 KIL\u00d3METROS por HORA en la comuna de San Fernando, regi\u00f3n de O\u2019Higgins <a href=\"https:\/\/t.co\/LjdWiIW77S\">pic.twitter.com\/LjdWiIW77S<\/a><\/p>&mdash; Amigos Penquistas (@Amigopenquista) <a href=\"https:\/\/twitter.com\/Amigopenquista\/status\/1893830642925797566?ref_src=twsrc%5Etfw\">February 24, 2025<\/a><\/blockquote><script async src=\"https:\/\/platform.twitter.com\/widgets.js\" charset=\"utf-8\"><\/script>\n<\/div><\/figure>\n","protected":false},"excerpt":{"rendered":"<p>En la comuna de San Fernando, regi\u00f3n de O&#8217;Higgins, se registr\u00f3 un peligroso episodio en el que un individuo manejaba una silla de ruedas a casi 90 kil\u00f3metros por hora, en la Ruta 90, a la altura del paso inferior de San Fernando<\/p>\n","protected":false},"author":2,"featured_media":12241,"comment_status":"closed","ping_status":"open","sticky":false,"template":"","format":"standard","meta":{"_jetpack_memberships_contains_paid_content":false,"jnews-multi-image_gallery":[],"jnews_single_post":{"format":"standard"},"jnews_primary_category":[],"jnews_social_meta":[],"jnews_paywall_metabox":[],"jnews_review":[],"enable_review":"","type":"","name":"","summary":"","brand":"","sku":"","good":[],"bad":[],"score_override":"","override_value":"","rating":[],"price":[],"jnews_override_counter":[],"jnews_post_split":[],"footnotes":""},"categories":[21],"tags":[],"class_list":["post-12242","post","type-post","status-publish","format-standard","has-post-thumbnail","hentry","category-nacional"],"jetpack_featured_media_url":"https:\/\/laserenaradio.cl\/web\/wp-content\/uploads\/2025\/02\/homepiaiextractoscrapimg_webpSanFernandokm_1.webp","jetpack_sharing_enabled":true,"_links":{"self":[{"href":"https:\/\/laserenaradio.cl\/web\/wp-json\/wp\/v2\/posts\/12242","targetHints":{"allow":["GET"]}}],"collection":[{"href":"https:\/\/laserenaradio.cl\/web\/wp-json\/wp\/v2\/posts"}],"about":[{"href":"https:\/\/laserenaradio.cl\/web\/wp-json\/wp\/v2\/types\/post"}],"author":[{"embeddable":true,"href":"https:\/\/laserenaradio.cl\/web\/wp-json\/wp\/v2\/users\/2"}],"replies":[{"embeddable":true,"href":"https:\/\/laserenaradio.cl\/web\/wp-json\/wp\/v2\/comments?post=12242"}],"version-history":[{"count":3,"href":"https:\/\/laserenaradio.cl\/web\/wp-json\/wp\/v2\/posts\/12242\/revisions"}],"predecessor-version":[{"id":12245,"href":"https:\/\/laserenaradio.cl\/web\/wp-json\/wp\/v2\/posts\/12242\/revisions\/12245"}],"wp:featuredmedia":[{"embeddable":true,"href":"https:\/\/laserenaradio.cl\/web\/wp-json\/wp\/v2\/media\/12241"}],"wp:attachment":[{"href":"https:\/\/laserenaradio.cl\/web\/wp-json\/wp\/v2\/media?parent=12242"}],"wp:term":[{"taxonomy":"category","embeddable":true,"href":"https:\/\/laserenaradio.cl\/web\/wp-json\/wp\/v2\/categories?post=12242"},{"taxonomy":"post_tag","embeddable":true,"href":"https:\/\/laserenaradio.cl\/web\/wp-json\/wp\/v2\/tags?post=12242"}],"curies":[{"name":"wp","href":"https:\/\/api.w.org\/{rel}","templated":true}]}}