{"id":12239,"date":"2025-02-25T12:50:34","date_gmt":"2025-02-25T15:50:34","guid":{"rendered":"https:\/\/laserenaradio.cl\/web\/?p=12239"},"modified":"2025-02-25T12:50:34","modified_gmt":"2025-02-25T15:50:34","slug":"el-tripulante-desaparecido-tras-volcamiento-de-embarcacion-en-caleta-maitencillo-es-localizado","status":"publish","type":"post","link":"https:\/\/laserenaradio.cl\/web\/2025\/02\/25\/el-tripulante-desaparecido-tras-volcamiento-de-embarcacion-en-caleta-maitencillo-es-localizado\/","title":{"rendered":"El tripulante desaparecido tras volcamiento de embarcaci\u00f3n en Caleta Maitencillo es localizado"},"content":{"rendered":"<p><b>Durante intensas labores de b\u00fasqueda, la Gobernaci\u00f3n Mar\u00edtima de Coquimbo logr\u00f3 ubicar al tripulante desaparecido tras el volcamiento del barco Eduardo II en Caleta Maitencillo<\/b><!--more-->.<\/p>\n<p>El hallazgo se concret\u00f3 durante la tarde del lunes por buzos mariscadores, con apoyo de buzos de la Armada.<\/p>\n<p>El cuerpo fue rescatado y trasladado a bordo de una lancha pesquera, desembarcando en el muelle a las 18:00 horas.<\/p>\n<p>Se espera la instrucci\u00f3n del Ministerio P\u00fablico para el procedimiento correspondiente.<\/p>\n<p>&#8220;Lamentamos profundamente este hecho y expresamos nuestras condolencias a la familia del tripulante. Reiteramos el compromiso con la seguridad mar\u00edtima y el cuidado de las personas&#8221;, destacaron desde la Armada.<\/p>\n","protected":false},"excerpt":{"rendered":"<p>Durante intensas labores de b\u00fasqueda, la Gobernaci\u00f3n Mar\u00edtima de Coquimbo logr\u00f3 ubicar al tripulante desaparecido tras el volcamiento del barco Eduardo II en Caleta Maitencillo<\/p>\n","protected":false},"author":2,"featured_media":12238,"comment_status":"closed","ping_status":"open","sticky":false,"template":"","format":"standard","meta":{"_jetpack_memberships_contains_paid_content":false,"jnews-multi-image_gallery":[],"jnews_single_post":[],"jnews_primary_category":[],"jnews_social_meta":[],"jnews_paywall_metabox":[],"jnews_review":[],"enable_review":"","type":"","name":"","summary":"","brand":"","sku":"","good":[],"bad":[],"score_override":"","override_value":"","rating":[],"price":[],"jnews_override_counter":[],"jnews_post_split":[],"footnotes":""},"categories":[21],"tags":[],"class_list":["post-12239","post","type-post","status-publish","format-standard","has-post-thumbnail","hentry","category-nacional"],"jetpack_featured_media_url":"https:\/\/laserenaradio.cl\/web\/wp-content\/uploads\/2025\/02\/homepiaiextractoscrapimg_webpCaletaMaitencillo_1.webp","jetpack_sharing_enabled":true,"_links":{"self":[{"href":"https:\/\/laserenaradio.cl\/web\/wp-json\/wp\/v2\/posts\/12239","targetHints":{"allow":["GET"]}}],"collection":[{"href":"https:\/\/laserenaradio.cl\/web\/wp-json\/wp\/v2\/posts"}],"about":[{"href":"https:\/\/laserenaradio.cl\/web\/wp-json\/wp\/v2\/types\/post"}],"author":[{"embeddable":true,"href":"https:\/\/laserenaradio.cl\/web\/wp-json\/wp\/v2\/users\/2"}],"replies":[{"embeddable":true,"href":"https:\/\/laserenaradio.cl\/web\/wp-json\/wp\/v2\/comments?post=12239"}],"version-history":[{"count":1,"href":"https:\/\/laserenaradio.cl\/web\/wp-json\/wp\/v2\/posts\/12239\/revisions"}],"predecessor-version":[{"id":12240,"href":"https:\/\/laserenaradio.cl\/web\/wp-json\/wp\/v2\/posts\/12239\/revisions\/12240"}],"wp:featuredmedia":[{"embeddable":true,"href":"https:\/\/laserenaradio.cl\/web\/wp-json\/wp\/v2\/media\/12238"}],"wp:attachment":[{"href":"https:\/\/laserenaradio.cl\/web\/wp-json\/wp\/v2\/media?parent=12239"}],"wp:term":[{"taxonomy":"category","embeddable":true,"href":"https:\/\/laserenaradio.cl\/web\/wp-json\/wp\/v2\/categories?post=12239"},{"taxonomy":"post_tag","embeddable":true,"href":"https:\/\/laserenaradio.cl\/web\/wp-json\/wp\/v2\/tags?post=12239"}],"curies":[{"name":"wp","href":"https:\/\/api.w.org\/{rel}","templated":true}]}}