{"id":12236,"date":"2025-02-25T12:48:29","date_gmt":"2025-02-25T15:48:29","guid":{"rendered":"https:\/\/laserenaradio.cl\/web\/?p=12236"},"modified":"2025-02-25T12:48:29","modified_gmt":"2025-02-25T15:48:29","slug":"el-ministro-mario-marcel-y-su-explicacion-sobre-los-fondos-transferidos-a-la-caja-fiscal","status":"publish","type":"post","link":"https:\/\/laserenaradio.cl\/web\/2025\/02\/25\/el-ministro-mario-marcel-y-su-explicacion-sobre-los-fondos-transferidos-a-la-caja-fiscal\/","title":{"rendered":"El ministro Mario Marcel y su explicaci\u00f3n sobre los fondos transferidos a la caja fiscal"},"content":{"rendered":"<p><b>Con una nueva explicaci\u00f3n sobre el traspaso de los fondos de la Corfo al erario fiscal, esta vez a los partidos del gobierno, el ministro de Hacienda, Mario Marcel, entreg\u00f3 m\u00e1s detalles sobre los usos que se dieron a estos dineros en 2023<\/b><!--more-->.<\/p>\n<p>El Ejecutivo justific\u00f3 estos traspasos desde la Corfo a la caja fiscal, asegurando que se trata de un proceso habitual y transparente.<\/p>\n<p>Seg\u00fan el ministro Marcel, los c\u00e1lculos sobre los ingresos proyectados de la Pol\u00edtica General de Utilizaci\u00f3n (PGU), hechos por el gobierno anterior, no habr\u00edan sido precisos. Adem\u00e1s, se utiliz\u00f3 parte del dinero en el Plan Nacional de Vivienda y Salud.<\/p>\n<p>Esta informaci\u00f3n fue confirmada por el diputado del Frente Regionalista Verde Social, Jaime Mulet.<\/p>\n<p>Ais\u00e9n Etcheverry, ministra vocera, asegur\u00f3 que los ingresos fiscales pertenecen al Estado y su uso se ajusta seg\u00fan las necesidades del pa\u00eds.<\/p>\n<p>Sin embargo, la pol\u00e9mica por este tema impact\u00f3 en la aprobaci\u00f3n del ministro Mario Marcel, quien registr\u00f3 una ca\u00edda de seis puntos en la \u00faltima encuesta Plaza P\u00fablica de Cadem.<\/p>\n<p>El diputado socialista Jaime Naranjo afirm\u00f3 que Marcel ha sido v\u00edctima de una campa\u00f1a malintencionada para desacreditarlo.<\/p>\n<p>En contraste, el diputado republicano Agust\u00edn Romero consider\u00f3 que el traspaso de fondos desde la Corfo refuerza la percepci\u00f3n de improvisaci\u00f3n en la gesti\u00f3n del gobierno.<\/p>\n<p>En total, se transfirieron 3,4 billones de pesos desde la Corfo al fisco para cubrir el d\u00e9ficit presupuestario de 2023.<\/p>\n","protected":false},"excerpt":{"rendered":"<p>Con una nueva explicaci\u00f3n sobre el traspaso de los fondos de la Corfo al erario fiscal, esta vez a los partidos del gobierno, el ministro de Hacienda, Mario Marcel, entreg\u00f3 m\u00e1s detalles sobre los usos que se dieron a estos dineros en 2023<\/p>\n","protected":false},"author":2,"featured_media":12235,"comment_status":"closed","ping_status":"open","sticky":false,"template":"","format":"standard","meta":{"_jetpack_memberships_contains_paid_content":false,"jnews-multi-image_gallery":[],"jnews_single_post":[],"jnews_primary_category":[],"jnews_social_meta":[],"jnews_paywall_metabox":[],"jnews_review":[],"enable_review":"","type":"","name":"","summary":"","brand":"","sku":"","good":[],"bad":[],"score_override":"","override_value":"","rating":[],"price":[],"jnews_override_counter":[],"jnews_post_split":[],"footnotes":""},"categories":[85],"tags":[],"class_list":["post-12236","post","type-post","status-publish","format-standard","has-post-thumbnail","hentry","category-economia"],"jetpack_featured_media_url":"https:\/\/laserenaradio.cl\/web\/wp-content\/uploads\/2025\/02\/homepiaiextractoscrapimg_webpMarioMarcel_0.webp","jetpack_sharing_enabled":true,"_links":{"self":[{"href":"https:\/\/laserenaradio.cl\/web\/wp-json\/wp\/v2\/posts\/12236","targetHints":{"allow":["GET"]}}],"collection":[{"href":"https:\/\/laserenaradio.cl\/web\/wp-json\/wp\/v2\/posts"}],"about":[{"href":"https:\/\/laserenaradio.cl\/web\/wp-json\/wp\/v2\/types\/post"}],"author":[{"embeddable":true,"href":"https:\/\/laserenaradio.cl\/web\/wp-json\/wp\/v2\/users\/2"}],"replies":[{"embeddable":true,"href":"https:\/\/laserenaradio.cl\/web\/wp-json\/wp\/v2\/comments?post=12236"}],"version-history":[{"count":1,"href":"https:\/\/laserenaradio.cl\/web\/wp-json\/wp\/v2\/posts\/12236\/revisions"}],"predecessor-version":[{"id":12237,"href":"https:\/\/laserenaradio.cl\/web\/wp-json\/wp\/v2\/posts\/12236\/revisions\/12237"}],"wp:featuredmedia":[{"embeddable":true,"href":"https:\/\/laserenaradio.cl\/web\/wp-json\/wp\/v2\/media\/12235"}],"wp:attachment":[{"href":"https:\/\/laserenaradio.cl\/web\/wp-json\/wp\/v2\/media?parent=12236"}],"wp:term":[{"taxonomy":"category","embeddable":true,"href":"https:\/\/laserenaradio.cl\/web\/wp-json\/wp\/v2\/categories?post=12236"},{"taxonomy":"post_tag","embeddable":true,"href":"https:\/\/laserenaradio.cl\/web\/wp-json\/wp\/v2\/tags?post=12236"}],"curies":[{"name":"wp","href":"https:\/\/api.w.org\/{rel}","templated":true}]}}