{"id":12233,"date":"2025-02-25T12:17:26","date_gmt":"2025-02-25T15:17:26","guid":{"rendered":"https:\/\/laserenaradio.cl\/web\/?p=12233"},"modified":"2025-02-25T12:17:26","modified_gmt":"2025-02-25T15:17:26","slug":"arturo-vidal-sufrio-nueva-lesion-en-colo-colo","status":"publish","type":"post","link":"https:\/\/laserenaradio.cl\/web\/2025\/02\/25\/arturo-vidal-sufrio-nueva-lesion-en-colo-colo\/","title":{"rendered":"Arturo Vidal sufri\u00f3 nueva lesi\u00f3n en Colo-Colo"},"content":{"rendered":"<p><b>Colo Colo sufri\u00f3 una nueva derrota en casa frente a O\u2019Higgins durante la segunda fecha de la Liga de Primera<\/b><!--more-->.<\/p>\n<p>El encuentro estuvo marcado por el retorno al equipo titular del mediocampista Arturo Vidal, quien se recuperaba de una lesi\u00f3n. Sin embargo, tuvo que retirarse poco antes del cierre del partido debido a un dolor evidente.<\/p>\n<p>Vidal reconoci\u00f3 que en la \u00faltima jugada se hab\u00eda apretado demasiado y prefiri\u00f3 salir para evitar complicaciones adicionales.<\/p>\n<p>\u201cMe apret\u00e9 un poquito arriba. De la lesi\u00f3n que ven\u00eda trayendo me sent\u00ed bien, no sent\u00ed nada, pero al final, en la \u00faltima jugada, me estir\u00e9 un poco y prefer\u00ed salir\u201d, explic\u00f3 el jugador.<\/p>\n<p>A pesar de la derrota, Vidal mantuvo un tono positivo sobre su recuperaci\u00f3n, destacando que conf\u00eda en su capacidad para recuperarse r\u00e1pidamente.<\/p>\n<p>\u201cEs raro, ven\u00eda cuid\u00e1ndome de la otra lesi\u00f3n que ten\u00eda, llegu\u00e9 bien al partido, me sent\u00ed bien, c\u00f3modo, estaba feliz, pero esto, una molestia ya, empiezo a dudar cada vez que me pasa algo as\u00ed. Espero recuperarme lo antes posible\u201d, a\u00f1adi\u00f3.<\/p>\n<p>Sobre el resultado, Vidal se\u00f1al\u00f3: \u201cEs triste perder as\u00ed, el estadio estaba hermoso, tuvimos muchas ocasiones para poder concretar, y ellos en una llegaron e hicieron el gol. Todav\u00eda tenemos tiempo para mejorar\u201d.<\/p>\n<p>Asegur\u00f3 que la derrota no debe ser motivo de preocupaci\u00f3n excesiva, ya que \u201ces la segunda fecha, queda mucho campeonato, con el correr de los partidos el equipo se ver\u00e1 mucho mejor\u201d.<\/p>\n<p>Finalmente, Vidal record\u00f3 que el equipo tiene tiempo para mejorar y adaptarse a su nuevo sistema de juego.<\/p>\n<p>\u201cAl equipo le falta todav\u00eda, conocerse un poco m\u00e1s, hemos cambiado el sistema de juego. Hay mucha calidad en el equipo, vamos a ir tomando forma y esperamos se cumplan muchos objetivos, llegar de la mejor forma al inicio de la Copa Libertadores\u201d, concluy\u00f3.<\/p>\n","protected":false},"excerpt":{"rendered":"<p>Colo Colo sufri\u00f3 una nueva derrota en casa frente a O\u2019Higgins durante la segunda fecha de la Liga de Primera<\/p>\n","protected":false},"author":2,"featured_media":12232,"comment_status":"closed","ping_status":"open","sticky":false,"template":"","format":"standard","meta":{"_jetpack_memberships_contains_paid_content":false,"jnews-multi-image_gallery":[],"jnews_single_post":[],"jnews_primary_category":[],"jnews_social_meta":[],"jnews_paywall_metabox":[],"jnews_review":[],"enable_review":"","type":"","name":"","summary":"","brand":"","sku":"","good":[],"bad":[],"score_override":"","override_value":"","rating":[],"price":[],"jnews_override_counter":[],"jnews_post_split":[],"footnotes":""},"categories":[84],"tags":[],"class_list":["post-12233","post","type-post","status-publish","format-standard","has-post-thumbnail","hentry","category-deportes"],"jetpack_featured_media_url":"https:\/\/laserenaradio.cl\/web\/wp-content\/uploads\/2025\/02\/homepiaiextractoscrapimg_webpequipoderrotaVidalme_1.webp","jetpack_sharing_enabled":true,"_links":{"self":[{"href":"https:\/\/laserenaradio.cl\/web\/wp-json\/wp\/v2\/posts\/12233","targetHints":{"allow":["GET"]}}],"collection":[{"href":"https:\/\/laserenaradio.cl\/web\/wp-json\/wp\/v2\/posts"}],"about":[{"href":"https:\/\/laserenaradio.cl\/web\/wp-json\/wp\/v2\/types\/post"}],"author":[{"embeddable":true,"href":"https:\/\/laserenaradio.cl\/web\/wp-json\/wp\/v2\/users\/2"}],"replies":[{"embeddable":true,"href":"https:\/\/laserenaradio.cl\/web\/wp-json\/wp\/v2\/comments?post=12233"}],"version-history":[{"count":1,"href":"https:\/\/laserenaradio.cl\/web\/wp-json\/wp\/v2\/posts\/12233\/revisions"}],"predecessor-version":[{"id":12234,"href":"https:\/\/laserenaradio.cl\/web\/wp-json\/wp\/v2\/posts\/12233\/revisions\/12234"}],"wp:featuredmedia":[{"embeddable":true,"href":"https:\/\/laserenaradio.cl\/web\/wp-json\/wp\/v2\/media\/12232"}],"wp:attachment":[{"href":"https:\/\/laserenaradio.cl\/web\/wp-json\/wp\/v2\/media?parent=12233"}],"wp:term":[{"taxonomy":"category","embeddable":true,"href":"https:\/\/laserenaradio.cl\/web\/wp-json\/wp\/v2\/categories?post=12233"},{"taxonomy":"post_tag","embeddable":true,"href":"https:\/\/laserenaradio.cl\/web\/wp-json\/wp\/v2\/tags?post=12233"}],"curies":[{"name":"wp","href":"https:\/\/api.w.org\/{rel}","templated":true}]}}