{"id":12230,"date":"2025-02-25T11:22:19","date_gmt":"2025-02-25T14:22:19","guid":{"rendered":"https:\/\/laserenaradio.cl\/web\/?p=12230"},"modified":"2025-02-25T11:22:19","modified_gmt":"2025-02-25T14:22:19","slug":"la-exembajadora-de-juan-guaido-en-chile-hay-venezolanos-pensando-irse-del-pais-tras-polemica-presentacion-de-george-harris","status":"publish","type":"post","link":"https:\/\/laserenaradio.cl\/web\/2025\/02\/25\/la-exembajadora-de-juan-guaido-en-chile-hay-venezolanos-pensando-irse-del-pais-tras-polemica-presentacion-de-george-harris\/","title":{"rendered":"La exembajadora de Juan Guaid\u00f3 en Chile: Hay venezolanos pensando irse del pa\u00eds tras pol\u00e9mica presentaci\u00f3n de George Harris"},"content":{"rendered":"<p><b>La exembajadora venezolana Guarequena Guti\u00e9rrez destaca preocupaciones en la comunidad venezolana tras el controvertido show de George Harris en Vi\u00f1a del Mar.<\/p>\n<p>En entrevista con El L\u00edbero, Guti\u00e9rrez se refiere a las recientes situaciones que han afectado a ciudadanos venezolanos en Chile, como el caso del taxista y el incidente con un ni\u00f1o en una escuela<\/b><!--more-->.<\/p>\n<p>&#8220;Estas experiencias nos llenan de frustraci\u00f3n&#8221;, se\u00f1ala.<\/p>\n<p>Adem\u00e1s, critica la percepci\u00f3n negativa hacia Harris desde medios chilenos, se\u00f1alando posibles componentes xen\u00f3fobos.<\/p>\n<p>\u201cNos preocupa que esa cultura de la cancelaci\u00f3n y la funa se extienda a cualquier persona\u201d, sostiene.<\/p>\n<p>A pesar de esto, Guti\u00e9rrez ve el evento como un momento de encuentro para la comunidad venezolana, pero reconoce problemas en la presentaci\u00f3n: &#8220;Hay palabras que no se entienden completamente&#8221;, explica.<\/p>\n<p>M\u00e1s preocupante a\u00fan, seg\u00fan la diplom\u00e1tica, \u201chay venezolanos pensando en irse de Chile\u201d debido a la situaci\u00f3n actual.<\/p>\n<p>&#8220;Es evidente que muchos hoy no se sienten tan c\u00f3modos aqu\u00ed&#8221;, concluye Gutiernera.<\/p>\n<p>La reacci\u00f3n social y medi\u00e1tica ante el show ha generado debate sobre la integraci\u00f3n de la comunidad venezolana, cuestionando si en Chile persiste una cultura xen\u00f3foba o simplemente se refleja la realidad del pa\u00eds.<\/p>\n","protected":false},"excerpt":{"rendered":"<p>La exembajadora venezolana Guarequena Guti\u00e9rrez destaca preocupaciones en la comunidad venezolana tras el controvertido show de George Harris en Vi\u00f1a del Mar. En entrevista con El L\u00edbero, Guti\u00e9rrez se refiere a las recientes situaciones que han afectado a ciudadanos venezolanos en Chile, como el caso del taxista y el incidente con un ni\u00f1o en una [&hellip;]<\/p>\n","protected":false},"author":2,"featured_media":12229,"comment_status":"closed","ping_status":"open","sticky":false,"template":"","format":"standard","meta":{"_jetpack_memberships_contains_paid_content":false,"jnews-multi-image_gallery":[],"jnews_single_post":[],"jnews_primary_category":[],"jnews_social_meta":[],"jnews_paywall_metabox":[],"jnews_review":[],"enable_review":"","type":"","name":"","summary":"","brand":"","sku":"","good":[],"bad":[],"score_override":"","override_value":"","rating":[],"price":[],"jnews_override_counter":[],"jnews_post_split":[],"footnotes":""},"categories":[21],"tags":[],"class_list":["post-12230","post","type-post","status-publish","format-standard","has-post-thumbnail","hentry","category-nacional"],"jetpack_featured_media_url":"https:\/\/laserenaradio.cl\/web\/wp-content\/uploads\/2025\/02\/homepiaiextractoscrapimg_webpvenezolanaChilecomunidadvenezolanos_1.webp","jetpack_sharing_enabled":true,"_links":{"self":[{"href":"https:\/\/laserenaradio.cl\/web\/wp-json\/wp\/v2\/posts\/12230","targetHints":{"allow":["GET"]}}],"collection":[{"href":"https:\/\/laserenaradio.cl\/web\/wp-json\/wp\/v2\/posts"}],"about":[{"href":"https:\/\/laserenaradio.cl\/web\/wp-json\/wp\/v2\/types\/post"}],"author":[{"embeddable":true,"href":"https:\/\/laserenaradio.cl\/web\/wp-json\/wp\/v2\/users\/2"}],"replies":[{"embeddable":true,"href":"https:\/\/laserenaradio.cl\/web\/wp-json\/wp\/v2\/comments?post=12230"}],"version-history":[{"count":1,"href":"https:\/\/laserenaradio.cl\/web\/wp-json\/wp\/v2\/posts\/12230\/revisions"}],"predecessor-version":[{"id":12231,"href":"https:\/\/laserenaradio.cl\/web\/wp-json\/wp\/v2\/posts\/12230\/revisions\/12231"}],"wp:featuredmedia":[{"embeddable":true,"href":"https:\/\/laserenaradio.cl\/web\/wp-json\/wp\/v2\/media\/12229"}],"wp:attachment":[{"href":"https:\/\/laserenaradio.cl\/web\/wp-json\/wp\/v2\/media?parent=12230"}],"wp:term":[{"taxonomy":"category","embeddable":true,"href":"https:\/\/laserenaradio.cl\/web\/wp-json\/wp\/v2\/categories?post=12230"},{"taxonomy":"post_tag","embeddable":true,"href":"https:\/\/laserenaradio.cl\/web\/wp-json\/wp\/v2\/tags?post=12230"}],"curies":[{"name":"wp","href":"https:\/\/api.w.org\/{rel}","templated":true}]}}