{"id":12227,"date":"2025-02-25T11:20:04","date_gmt":"2025-02-25T14:20:04","guid":{"rendered":"https:\/\/laserenaradio.cl\/web\/?p=12227"},"modified":"2025-02-25T11:20:04","modified_gmt":"2025-02-25T14:20:04","slug":"iquique-buscara-extender-ventaja-ante-independiente-de-santa-fe","status":"publish","type":"post","link":"https:\/\/laserenaradio.cl\/web\/2025\/02\/25\/iquique-buscara-extender-ventaja-ante-independiente-de-santa-fe\/","title":{"rendered":"Iquique buscar\u00e1 extender ventaja ante Independiente de Santa Fe"},"content":{"rendered":"<p><b>Deportes Iquique buscar\u00e1 este martes ante Independiente de Santa Fe, en Colombia, proteger su ventaja de la ida y avanzar a la fase 3 de la Copa Libertadores 2025<\/b><!--more-->.<\/p>\n<p>En el primer enfrentamiento, los &#8216;Dragones Celestes&#8217; se impusieron por 2-1 con un doblete del experimentado delantero Edson Puch.<\/p>\n<p>La revancha ser\u00e1 en el estadio de Techo debido a que El Camp\u00edn est\u00e1 ocupado por conciertos de Shakira.<\/p>\n<p>Los de Miguel Ram\u00edrez aspiran a clasificarse por segunda vez en su historia para la fase de grupos del m\u00e1ximo torneo continental, tras haberlo logrado en 2013. Sin embargo, Iquique llega al partido golpeado tras perder 4-2 ante Audax Italiano el viernes, lo que los ha colocado en el pen\u00faltimo lugar de la liga chilena. Aun as\u00ed, el triunfo en la ida motiv\u00f3 a los iquique\u00f1os, quienes viajaron hasta Bogot\u00e1 en la madrugada del lunes.<\/p>\n<p>Entre los viajeros figuran el portero argentino Leandro Requena y el inagotable Puch, de 38 a\u00f1os; el volante C\u00e9sar Gonz\u00e1lez y el delantero Steffan Pino.<\/p>\n<p>Independiente de Santa Fe, que ocupa el puesto 13 en la liga colombiana, llega descansado ya que su partido ante Atl\u00e9tico Bucaramanga fue aplazado.<\/p>\n<p>El entrenador uruguayo Pablo Peirano tendr\u00e1 dudas sobre si incluir a los lesionados Yilmar Vel\u00e1squez y \u00d3mar Albornoz.<\/p>\n<p>Las principales figuras del equipo colombiano son el portero Andr\u00e9s Mosquera Marmolejo, el central Emanuel Olivera, el centrocampista Daniel Torres y el goleador Hugo Rodallega.<\/p>\n<p>Otros futbolistas destacados incluyen al extremo Santiago Mosquera y el creativo Alexis Zapata.<\/p>\n<p>El vencedor de esta llave enfrentar\u00e1 a Boca Juniors y Alianza Lima, serie en la que los peruanos ganaron por 1-0 el partido de ida.<\/p>\n","protected":false},"excerpt":{"rendered":"<p>Deportes Iquique buscar\u00e1 este martes ante Independiente de Santa Fe, en Colombia, proteger su ventaja de la ida y avanzar a la fase 3 de la Copa Libertadores 2025<\/p>\n","protected":false},"author":2,"featured_media":12226,"comment_status":"closed","ping_status":"open","sticky":false,"template":"","format":"standard","meta":{"_jetpack_memberships_contains_paid_content":false,"jnews-multi-image_gallery":[],"jnews_single_post":[],"jnews_primary_category":[],"jnews_social_meta":[],"jnews_paywall_metabox":[],"jnews_review":[],"enable_review":"","type":"","name":"","summary":"","brand":"","sku":"","good":[],"bad":[],"score_override":"","override_value":"","rating":[],"price":[],"jnews_override_counter":[],"jnews_post_split":[],"footnotes":""},"categories":[84],"tags":[],"class_list":["post-12227","post","type-post","status-publish","format-standard","has-post-thumbnail","hentry","category-deportes"],"jetpack_featured_media_url":"https:\/\/laserenaradio.cl\/web\/wp-content\/uploads\/2025\/02\/homepiaiextractoscrapimg_webpanteIndependienteSantaFeida_1.webp","jetpack_sharing_enabled":true,"_links":{"self":[{"href":"https:\/\/laserenaradio.cl\/web\/wp-json\/wp\/v2\/posts\/12227","targetHints":{"allow":["GET"]}}],"collection":[{"href":"https:\/\/laserenaradio.cl\/web\/wp-json\/wp\/v2\/posts"}],"about":[{"href":"https:\/\/laserenaradio.cl\/web\/wp-json\/wp\/v2\/types\/post"}],"author":[{"embeddable":true,"href":"https:\/\/laserenaradio.cl\/web\/wp-json\/wp\/v2\/users\/2"}],"replies":[{"embeddable":true,"href":"https:\/\/laserenaradio.cl\/web\/wp-json\/wp\/v2\/comments?post=12227"}],"version-history":[{"count":1,"href":"https:\/\/laserenaradio.cl\/web\/wp-json\/wp\/v2\/posts\/12227\/revisions"}],"predecessor-version":[{"id":12228,"href":"https:\/\/laserenaradio.cl\/web\/wp-json\/wp\/v2\/posts\/12227\/revisions\/12228"}],"wp:featuredmedia":[{"embeddable":true,"href":"https:\/\/laserenaradio.cl\/web\/wp-json\/wp\/v2\/media\/12226"}],"wp:attachment":[{"href":"https:\/\/laserenaradio.cl\/web\/wp-json\/wp\/v2\/media?parent=12227"}],"wp:term":[{"taxonomy":"category","embeddable":true,"href":"https:\/\/laserenaradio.cl\/web\/wp-json\/wp\/v2\/categories?post=12227"},{"taxonomy":"post_tag","embeddable":true,"href":"https:\/\/laserenaradio.cl\/web\/wp-json\/wp\/v2\/tags?post=12227"}],"curies":[{"name":"wp","href":"https:\/\/api.w.org\/{rel}","templated":true}]}}