{"id":12221,"date":"2025-02-25T11:13:08","date_gmt":"2025-02-25T14:13:08","guid":{"rendered":"https:\/\/laserenaradio.cl\/web\/?p=12221"},"modified":"2025-02-25T11:13:08","modified_gmt":"2025-02-25T14:13:08","slug":"chile-presentara-caso-ante-cpi-por-asesinato-del-exteniente-venezolano-ronald-ojeda","status":"publish","type":"post","link":"https:\/\/laserenaradio.cl\/web\/2025\/02\/25\/chile-presentara-caso-ante-cpi-por-asesinato-del-exteniente-venezolano-ronald-ojeda\/","title":{"rendered":"Chile presentar\u00e1 caso ante CPI por asesinato del exteniente venezolano Ronald Ojeda"},"content":{"rendered":"<p><b>La ministra del Interior, Carolina Toh\u00e1, anunci\u00f3 que Chile recurrir\u00e1 a la Corte Penal Internacional (CPI) por el crimen del exteniente Ronald Ojeda, quien fue asesinado por orden supuestamente emanada del gobierno de Venezuela<\/b><!--more-->.<\/p>\n<p>El Gobierno est\u00e1 afinando detalles y se presentar\u00e1 &#8220;pr\u00f3ximamente&#8221; ante la Corte Penal Internacional, con sede en La Haya, Pa\u00edses Bajos, seg\u00fan Toh\u00e1 en entrevista con 24 Horas este domingo.<\/p>\n<p>El exteniente Ojeda, un venezolano opositor al r\u00e9gimen de Nicol\u00e1s Maduro y refugiado pol\u00edtico en Chile, fue secuestrado hace un a\u00f1o por una banda que simul\u00f3 ser miembros de la Polic\u00eda de Investigaciones (<a href=\"https:\/\/www.pdichile.cl\/\">PDI<\/a>). D\u00edas despu\u00e9s, su cuerpo fue encontrado en Maip\u00fa.<\/p>\n<p>Seg\u00fan la investigaci\u00f3n liderada por el persecutor H\u00e9ctor Barros, se han identificado 32 intervinientes en el asesinato, de los cuales 24 est\u00e1n detenidos.<\/p>\n<p>Barros ha se\u00f1alado que existe evidencia sobre la responsabilidad del gobierno venezolano, con Diosdado Cabello, segundo en comando de Maduro, implicado directamente.<\/p>\n<p>A medida que avanza la investigaci\u00f3n, Toh\u00e1 indic\u00f3 que actualizar\u00e1n sus presentaciones ante el tribunal internacional.<\/p>\n<p>El Estatuto de Roma, que form\u00f3 a la CPI, ha sido ratificado por 125 pa\u00edses, incluyendo Chile y Venezuela.<\/p>\n<p>Juan Carlos Manr\u00edquez, abogado de los familiares de Ojeda, se\u00f1al\u00f3 que la familia ya hab\u00eda presentado antecedentes ante la CPI y cree que el fiscal Karim Khan solicitar\u00e1 medidas intrusivas e incluso \u00f3rdenes de detenci\u00f3n.<\/p>\n<p>Iv\u00e1n Moreira, miembro de la comisi\u00f3n de Relaciones Exteriores del Senado, declar\u00f3 que esta decisi\u00f3n es coherente &#8220;en nombre del pa\u00eds&#8221;.<\/p>\n<p>Ra\u00fal Soto, de la comisi\u00f3n correspondiente en la C\u00e1mara, considera que se trata de una &#8220;muy buena definici\u00f3n&#8221; y reiter\u00f3: &#8220;Hay que defender nuestra soberan\u00eda&#8221;.<\/p>\n","protected":false},"excerpt":{"rendered":"<p>La ministra del Interior, Carolina Toh\u00e1, anunci\u00f3 que Chile recurrir\u00e1 a la Corte Penal Internacional (CPI) por el crimen del exteniente Ronald Ojeda, quien fue asesinado por orden supuestamente emanada del gobierno de Venezuela<\/p>\n","protected":false},"author":2,"featured_media":12220,"comment_status":"closed","ping_status":"open","sticky":false,"template":"","format":"standard","meta":{"_jetpack_memberships_contains_paid_content":false,"jnews-multi-image_gallery":[],"jnews_single_post":[],"jnews_primary_category":[],"jnews_social_meta":[],"jnews_paywall_metabox":[],"jnews_review":[],"enable_review":"","type":"","name":"","summary":"","brand":"","sku":"","good":[],"bad":[],"score_override":"","override_value":"","rating":[],"price":[],"jnews_override_counter":[],"jnews_post_split":[],"footnotes":""},"categories":[21],"tags":[],"class_list":["post-12221","post","type-post","status-publish","format-standard","has-post-thumbnail","hentry","category-nacional"],"jetpack_featured_media_url":"https:\/\/laserenaradio.cl\/web\/wp-content\/uploads\/2025\/02\/homepiaiextractoscrapimg_predeterminadalaserenaradio_nacional-4.webp","jetpack_sharing_enabled":true,"_links":{"self":[{"href":"https:\/\/laserenaradio.cl\/web\/wp-json\/wp\/v2\/posts\/12221","targetHints":{"allow":["GET"]}}],"collection":[{"href":"https:\/\/laserenaradio.cl\/web\/wp-json\/wp\/v2\/posts"}],"about":[{"href":"https:\/\/laserenaradio.cl\/web\/wp-json\/wp\/v2\/types\/post"}],"author":[{"embeddable":true,"href":"https:\/\/laserenaradio.cl\/web\/wp-json\/wp\/v2\/users\/2"}],"replies":[{"embeddable":true,"href":"https:\/\/laserenaradio.cl\/web\/wp-json\/wp\/v2\/comments?post=12221"}],"version-history":[{"count":1,"href":"https:\/\/laserenaradio.cl\/web\/wp-json\/wp\/v2\/posts\/12221\/revisions"}],"predecessor-version":[{"id":12222,"href":"https:\/\/laserenaradio.cl\/web\/wp-json\/wp\/v2\/posts\/12221\/revisions\/12222"}],"wp:featuredmedia":[{"embeddable":true,"href":"https:\/\/laserenaradio.cl\/web\/wp-json\/wp\/v2\/media\/12220"}],"wp:attachment":[{"href":"https:\/\/laserenaradio.cl\/web\/wp-json\/wp\/v2\/media?parent=12221"}],"wp:term":[{"taxonomy":"category","embeddable":true,"href":"https:\/\/laserenaradio.cl\/web\/wp-json\/wp\/v2\/categories?post=12221"},{"taxonomy":"post_tag","embeddable":true,"href":"https:\/\/laserenaradio.cl\/web\/wp-json\/wp\/v2\/tags?post=12221"}],"curies":[{"name":"wp","href":"https:\/\/api.w.org\/{rel}","templated":true}]}}