{"id":12218,"date":"2025-02-25T11:05:43","date_gmt":"2025-02-25T14:05:43","guid":{"rendered":"https:\/\/laserenaradio.cl\/web\/?p=12218"},"modified":"2025-02-25T11:05:43","modified_gmt":"2025-02-25T14:05:43","slug":"esteban-pavez-exige-mejorar-en-colo-colo-tras-derrota-ante-ohiggins","status":"publish","type":"post","link":"https:\/\/laserenaradio.cl\/web\/2025\/02\/25\/esteban-pavez-exige-mejorar-en-colo-colo-tras-derrota-ante-ohiggins\/","title":{"rendered":"Esteban Pavez exige mejorar en Colo-Colo tras derrota ante O&#8217;Higgins"},"content":{"rendered":"<p><b>Esteban Pavez, capit\u00e1n de Colo Colo, lider\u00f3 este lunes una severa autocr\u00edtica tras la derrota 0-1 ante O&#8217;Higgins, en un partido crucial por la fecha 2 de la Liga de Primera 2025<\/b><!--more-->.<\/p>\n<p>Con esta ca\u00edda, el &#8216;Cacique&#8217; interrumpe su destacada racha de 16 partidos sin perder en la divisi\u00f3n principal del f\u00fatbol nacional.<\/p>\n<p>El volante defensivo del &#8216;popular&#8217; manifest\u00f3: &#8220;Esas son an\u00e9cdotas; queremos ganar todos los partidos. El a\u00f1o pasado salimos campeones por dos puntos. Sabemos que cada punto es crucial y tenemos mucho que mejorar, pero hay que enfocarse&#8221;.<\/p>\n<p>Posteriormente, lanz\u00f3 un alerta a la plantilla dirigida por Jorge Almir\u00f3n: &#8220;Hay que seguir trabajando, buscar mayor tranquilidad para definir los momentos cr\u00edticos del partido. Creo que el equipo lo busc\u00f3 en todo momento, pero no se nos dio&#8221;.<\/p>\n<p>Acerca de las oportunidades perdidas, Pavez a\u00f1adi\u00f3: &#8220;Salimos con todo, tuvimos 2-3 ocasiones claras y no se nos dio la fortuna. Y despu\u00e9s, como dec\u00eda antes, ellos estaban esperando el error&#8221;. Asever\u00f3 que &#8220;ya ma\u00f1ana (martes) hay que ver qu\u00e9 es lo que hicimos bien y lo que hicimos mal&#8221;.<\/p>\n<p>En vista de este panorama, Colo Colo buscar\u00e1 recuperarse para enfrentar a Huachipato en la tercera fecha del Campeonato Nacional.<\/p>\n<p>El partido tendr\u00e1 lugar el domingo 2 de marzo, desde las 12:00 horas en el CAP Acero.<\/p>\n","protected":false},"excerpt":{"rendered":"<p>Esteban Pavez, capit\u00e1n de Colo Colo, lider\u00f3 este lunes una severa autocr\u00edtica tras la derrota 0-1 ante O&#8217;Higgins, en un partido crucial por la fecha 2 de la Liga de Primera 2025<\/p>\n","protected":false},"author":2,"featured_media":12217,"comment_status":"closed","ping_status":"open","sticky":false,"template":"","format":"standard","meta":{"_jetpack_memberships_contains_paid_content":false,"jnews-multi-image_gallery":[],"jnews_single_post":[],"jnews_primary_category":[],"jnews_social_meta":[],"jnews_paywall_metabox":[],"jnews_review":[],"enable_review":"","type":"","name":"","summary":"","brand":"","sku":"","good":[],"bad":[],"score_override":"","override_value":"","rating":[],"price":[],"jnews_override_counter":[],"jnews_post_split":[],"footnotes":""},"categories":[84],"tags":[],"class_list":["post-12218","post","type-post","status-publish","format-standard","has-post-thumbnail","hentry","category-deportes"],"jetpack_featured_media_url":"https:\/\/laserenaradio.cl\/web\/wp-content\/uploads\/2025\/02\/homepiaiextractoscrapimg_webppartidoEstebanPavezColoColoderrota_0.webp","jetpack_sharing_enabled":true,"_links":{"self":[{"href":"https:\/\/laserenaradio.cl\/web\/wp-json\/wp\/v2\/posts\/12218","targetHints":{"allow":["GET"]}}],"collection":[{"href":"https:\/\/laserenaradio.cl\/web\/wp-json\/wp\/v2\/posts"}],"about":[{"href":"https:\/\/laserenaradio.cl\/web\/wp-json\/wp\/v2\/types\/post"}],"author":[{"embeddable":true,"href":"https:\/\/laserenaradio.cl\/web\/wp-json\/wp\/v2\/users\/2"}],"replies":[{"embeddable":true,"href":"https:\/\/laserenaradio.cl\/web\/wp-json\/wp\/v2\/comments?post=12218"}],"version-history":[{"count":1,"href":"https:\/\/laserenaradio.cl\/web\/wp-json\/wp\/v2\/posts\/12218\/revisions"}],"predecessor-version":[{"id":12219,"href":"https:\/\/laserenaradio.cl\/web\/wp-json\/wp\/v2\/posts\/12218\/revisions\/12219"}],"wp:featuredmedia":[{"embeddable":true,"href":"https:\/\/laserenaradio.cl\/web\/wp-json\/wp\/v2\/media\/12217"}],"wp:attachment":[{"href":"https:\/\/laserenaradio.cl\/web\/wp-json\/wp\/v2\/media?parent=12218"}],"wp:term":[{"taxonomy":"category","embeddable":true,"href":"https:\/\/laserenaradio.cl\/web\/wp-json\/wp\/v2\/categories?post=12218"},{"taxonomy":"post_tag","embeddable":true,"href":"https:\/\/laserenaradio.cl\/web\/wp-json\/wp\/v2\/tags?post=12218"}],"curies":[{"name":"wp","href":"https:\/\/api.w.org\/{rel}","templated":true}]}}