{"id":12215,"date":"2025-02-24T21:47:48","date_gmt":"2025-02-25T00:47:48","guid":{"rendered":"https:\/\/laserenaradio.cl\/web\/?p=12215"},"modified":"2025-02-24T21:47:48","modified_gmt":"2025-02-25T00:47:48","slug":"comienzan-a-llegar-ayuda-economica-para-emprendedores-damnificados-en-ancud","status":"publish","type":"post","link":"https:\/\/laserenaradio.cl\/web\/2025\/02\/24\/comienzan-a-llegar-ayuda-economica-para-emprendedores-damnificados-en-ancud\/","title":{"rendered":"Comienzan a llegar ayuda econ\u00f3mica para emprendedores damnificados en Ancud"},"content":{"rendered":"<p><b>Con el levantamiento de informaci\u00f3n, desde el <a href=\"http:\/\/www.economia.gob.cl\/\">Ministerio de Econom\u00eda<\/a> se da uno de los primeros pasos para hacer llegar la ayuda necesaria a los emprendedores que lo perdieron todo tras el voraz incendio que se declar\u00f3 en Ancud la madrugada del s\u00e1bado.<\/b><!--more-->.<\/p>\n<p>El objetivo es caracterizar a cada uno de los 60 damnificados, identificar sus necesidades y activar programas de Sercotec que puedan reactivarlos econ\u00f3micamente. La idea es tratar en lo posible de mantener los 300 puestos de trabajo que hasta el viernes estaban activos en pleno centro de esta ciudad.<\/p>\n<p>Una de las damnificadas, Roc\u00edo, junto a otras 14 mujeres, funcionaba como una sociedad y ten\u00eda una tienda colectiva. Ahora, con el nuevo escenario, est\u00e1n confiadas en que puedan recibir apoyos prontamente.<\/p>\n<p>&#8220;Estamos ac\u00e1 para ver c\u00f3mo podremos recuperarnos y qu\u00e9 instrumentos van a bajar primero. Desde ayer ya no nos confirmaron que, por ejemplo, nos van a dar cajas de \u00fatiles escolares para nuestros hijos&#8221;, coment\u00f3 la mujer.<\/p>\n<p>El alcalde de Ancud, Andr\u00e9s Ojeda, explic\u00f3 que hay claridad respecto del tipo de emergencia, que se trata de una situaci\u00f3n de fomento productivo m\u00e1s que social. A\u00f1adi\u00f3 que desde el municipio est\u00e1n entregando ayudas m\u00e1s \u00e1giles, seguidas por los recursos que aporte el Gobierno Regional y el nivel central.<\/p>\n<p>&#8220;Vamos a trabajar con el <a href=\"http:\/\/www.economia.gob.cl\/\">Ministerio de Econom\u00eda<\/a> a trav\u00e9s de Sercotec para implementar proyectos Fril y otros programas financiados por el <a href=\"http:\/\/www.economia.gob.cl\/\">Ministerio de Econom\u00eda<\/a> y el Gobierno Regional&#8221;, coment\u00f3 el jefe comunal.<\/p>\n<p>En resumen, se flexibilizar\u00e1n los proyectos Fril, se activar\u00e1n programas desde Sercotec financiados por el <a href=\"http:\/\/www.economia.gob.cl\/\">Ministerio de Econom\u00eda<\/a> y el Gobierno Regional.<\/p>\n<p>Adem\u00e1s, se implementar\u00e1n programas de fomento productivo del GORE, condonaci\u00f3n de deudas desde Saesa y Suralis, as\u00ed como la postergaci\u00f3n del pago de cr\u00e9ditos para los afectados por el megaincendio en Ancud.<\/p>\n","protected":false},"excerpt":{"rendered":"<p>Con el levantamiento de informaci\u00f3n, desde el Ministerio de Econom\u00eda se da uno de los primeros pasos para hacer llegar la ayuda necesaria a los emprendedores que lo perdieron todo tras el voraz incendio que se declar\u00f3 en Ancud la madrugada del s\u00e1bado.<\/p>\n","protected":false},"author":2,"featured_media":12214,"comment_status":"closed","ping_status":"open","sticky":false,"template":"","format":"standard","meta":{"_jetpack_memberships_contains_paid_content":false,"jnews-multi-image_gallery":[],"jnews_single_post":[],"jnews_primary_category":[],"jnews_social_meta":[],"jnews_paywall_metabox":[],"jnews_review":[],"enable_review":"","type":"","name":"","summary":"","brand":"","sku":"","good":[],"bad":[],"score_override":"","override_value":"","rating":[],"price":[],"jnews_override_counter":[],"jnews_post_split":[],"footnotes":""},"categories":[21],"tags":[],"class_list":["post-12215","post","type-post","status-publish","format-standard","has-post-thumbnail","hentry","category-nacional"],"jetpack_featured_media_url":"https:\/\/laserenaradio.cl\/web\/wp-content\/uploads\/2025\/02\/homepiaiextractoscrapimg_webpComienzanAncud_1.webp","jetpack_sharing_enabled":true,"_links":{"self":[{"href":"https:\/\/laserenaradio.cl\/web\/wp-json\/wp\/v2\/posts\/12215","targetHints":{"allow":["GET"]}}],"collection":[{"href":"https:\/\/laserenaradio.cl\/web\/wp-json\/wp\/v2\/posts"}],"about":[{"href":"https:\/\/laserenaradio.cl\/web\/wp-json\/wp\/v2\/types\/post"}],"author":[{"embeddable":true,"href":"https:\/\/laserenaradio.cl\/web\/wp-json\/wp\/v2\/users\/2"}],"replies":[{"embeddable":true,"href":"https:\/\/laserenaradio.cl\/web\/wp-json\/wp\/v2\/comments?post=12215"}],"version-history":[{"count":1,"href":"https:\/\/laserenaradio.cl\/web\/wp-json\/wp\/v2\/posts\/12215\/revisions"}],"predecessor-version":[{"id":12216,"href":"https:\/\/laserenaradio.cl\/web\/wp-json\/wp\/v2\/posts\/12215\/revisions\/12216"}],"wp:featuredmedia":[{"embeddable":true,"href":"https:\/\/laserenaradio.cl\/web\/wp-json\/wp\/v2\/media\/12214"}],"wp:attachment":[{"href":"https:\/\/laserenaradio.cl\/web\/wp-json\/wp\/v2\/media?parent=12215"}],"wp:term":[{"taxonomy":"category","embeddable":true,"href":"https:\/\/laserenaradio.cl\/web\/wp-json\/wp\/v2\/categories?post=12215"},{"taxonomy":"post_tag","embeddable":true,"href":"https:\/\/laserenaradio.cl\/web\/wp-json\/wp\/v2\/tags?post=12215"}],"curies":[{"name":"wp","href":"https:\/\/api.w.org\/{rel}","templated":true}]}}