{"id":12209,"date":"2025-02-24T21:23:58","date_gmt":"2025-02-25T00:23:58","guid":{"rendered":"https:\/\/laserenaradio.cl\/web\/?p=12209"},"modified":"2025-02-24T21:23:58","modified_gmt":"2025-02-25T00:23:58","slug":"denuncian-a-245-funcionarios-del-hospital-regional-de-concepcion-por-adulterar-aplicacion-para-marcar-horas-extras","status":"publish","type":"post","link":"https:\/\/laserenaradio.cl\/web\/2025\/02\/24\/denuncian-a-245-funcionarios-del-hospital-regional-de-concepcion-por-adulterar-aplicacion-para-marcar-horas-extras\/","title":{"rendered":"Denuncian a 245 funcionarios del Hospital Regional de Concepci\u00f3n por adulterar aplicaci\u00f3n para marcar horas extras"},"content":{"rendered":"<p><b>En el Hospital Regional de Concepci\u00f3n, 245 funcionarios fueron denunciados ante la fiscal\u00eda local por supuestamente adulterar una aplicaci\u00f3n para marcar su salida del recinto<\/b><!--more-->.<\/p>\n<p>El descubrimiento se produjo luego que la jefatura del Departamento de Inform\u00e1tica identificara horas de salida no correspondientes a los turnos registrados.<\/p>\n<p>La aplicaci\u00f3n, dise\u00f1ada con geolocalizaci\u00f3n, permite a los funcionarios marcar el fin de su turno una vez que solicitan una foto. No obstante, para evitar ser descubiertos, antes del env\u00edo de la imagen, desconectaban sus datos m\u00f3viles durante un par de horas y luego reanudaban la conexi\u00f3n para enviar la fotograf\u00eda, lo que les permit\u00eda marcar horas extras.<\/p>\n<p>Claudio Baeza, director del Hospital Regional, afirm\u00f3 que esta conducta no refleja los valores institucionales.<\/p>\n<p>\u201cNo solamente condenamos el hecho; vamos a perseguir administrativa y legalmente a aquellos funcionarios que hicieron un mal uso\u201d, sostuvo Baeza.<\/p>\n<p>Adem\u00e1s de iniciar un sumario interno, la direcci\u00f3n del hospital tambi\u00e9n ha presentado una denuncia penal ante la fiscal\u00eda.<\/p>\n<p>\u201cPrimero, estableciendo las medidas administrativas, que es el sumario (\u2026). Adem\u00e1s, hemos hecho la denuncia a la fiscal\u00eda, de tal manera de determinar si esto tiene alguna arista penal\u201d, a\u00f1adi\u00f3 Baeza.<\/p>\n<p>El delegado presidencial, Eduardo Pacheco, considera crucial despejar \u201cla duda en cualquier centro de salud de la regi\u00f3n del B\u00edo B\u00edo\u201d. \u201cEs grav\u00edsimo que este tipo de situaciones se puedan estar registrando en un centro de salud\u201d, enfatiz\u00f3 Pacheco.<\/p>\n<p>Se solicit\u00f3 adem\u00e1s que desde la aplicaci\u00f3n bioemach se entreguen todos los datos necesarios para colaborar con las investigaciones.<\/p>\n","protected":false},"excerpt":{"rendered":"<p>En el Hospital Regional de Concepci\u00f3n, 245 funcionarios fueron denunciados ante la fiscal\u00eda local por supuestamente adulterar una aplicaci\u00f3n para marcar su salida del recinto<\/p>\n","protected":false},"author":2,"featured_media":12208,"comment_status":"closed","ping_status":"open","sticky":false,"template":"","format":"standard","meta":{"_jetpack_memberships_contains_paid_content":false,"jnews-multi-image_gallery":[],"jnews_single_post":[],"jnews_primary_category":[],"jnews_social_meta":[],"jnews_paywall_metabox":[],"jnews_review":[],"enable_review":"","type":"","name":"","summary":"","brand":"","sku":"","good":[],"bad":[],"score_override":"","override_value":"","rating":[],"price":[],"jnews_override_counter":[],"jnews_post_split":[],"footnotes":""},"categories":[21],"tags":[],"class_list":["post-12209","post","type-post","status-publish","format-standard","has-post-thumbnail","hentry","category-nacional"],"jetpack_featured_media_url":"https:\/\/laserenaradio.cl\/web\/wp-content\/uploads\/2025\/02\/homepiaiextractoscrapimg_predeterminadalaserenaradio_nacional-3.webp","jetpack_sharing_enabled":true,"_links":{"self":[{"href":"https:\/\/laserenaradio.cl\/web\/wp-json\/wp\/v2\/posts\/12209","targetHints":{"allow":["GET"]}}],"collection":[{"href":"https:\/\/laserenaradio.cl\/web\/wp-json\/wp\/v2\/posts"}],"about":[{"href":"https:\/\/laserenaradio.cl\/web\/wp-json\/wp\/v2\/types\/post"}],"author":[{"embeddable":true,"href":"https:\/\/laserenaradio.cl\/web\/wp-json\/wp\/v2\/users\/2"}],"replies":[{"embeddable":true,"href":"https:\/\/laserenaradio.cl\/web\/wp-json\/wp\/v2\/comments?post=12209"}],"version-history":[{"count":1,"href":"https:\/\/laserenaradio.cl\/web\/wp-json\/wp\/v2\/posts\/12209\/revisions"}],"predecessor-version":[{"id":12210,"href":"https:\/\/laserenaradio.cl\/web\/wp-json\/wp\/v2\/posts\/12209\/revisions\/12210"}],"wp:featuredmedia":[{"embeddable":true,"href":"https:\/\/laserenaradio.cl\/web\/wp-json\/wp\/v2\/media\/12208"}],"wp:attachment":[{"href":"https:\/\/laserenaradio.cl\/web\/wp-json\/wp\/v2\/media?parent=12209"}],"wp:term":[{"taxonomy":"category","embeddable":true,"href":"https:\/\/laserenaradio.cl\/web\/wp-json\/wp\/v2\/categories?post=12209"},{"taxonomy":"post_tag","embeddable":true,"href":"https:\/\/laserenaradio.cl\/web\/wp-json\/wp\/v2\/tags?post=12209"}],"curies":[{"name":"wp","href":"https:\/\/api.w.org\/{rel}","templated":true}]}}