{"id":12206,"date":"2025-02-24T21:16:29","date_gmt":"2025-02-25T00:16:29","guid":{"rendered":"https:\/\/laserenaradio.cl\/web\/?p=12206"},"modified":"2025-02-24T21:16:29","modified_gmt":"2025-02-25T00:16:29","slug":"la-definicion-final-de-candidato-presidencial-del-oficialismo-chileno-se-acerca","status":"publish","type":"post","link":"https:\/\/laserenaradio.cl\/web\/2025\/02\/24\/la-definicion-final-de-candidato-presidencial-del-oficialismo-chileno-se-acerca\/","title":{"rendered":"La definici\u00f3n final de candidato presidencial del oficialismo chileno se acerca"},"content":{"rendered":"<p><b>En las pr\u00f3ximas semanas, Carolina Toh\u00e1 y Michelle Bachelet se preparan para definir si postular\u00e1n a la Presidencia de Chile<\/b><!--more-->.<\/p>\n<p>Las elecciones primarias amplias, respaldadas por el oficialismo, est\u00e1n en el radar como un posible camino hacia el poder. Jaime Mulet del Partido Regionalista Verde Social (FRVS) sugiri\u00f3 que dos elecciones ser\u00edan m\u00e1s efectivas.<\/p>\n<p>Los partidos de la coalici\u00f3n han expresado apoyo a las primarias amplias para unidad y cohesi\u00f3n.<\/p>\n<p>Lautaro Carmona, presidente del Partido Comunista, sostuvo que el sector necesita levantar una primaria con participaci\u00f3n de fuerzas diversas. Andr\u00e9s Coubl\u00e9, secretario general del Frente Amplio, concord\u00f3 en la necesidad de una amplia primaria.<\/p>\n<p>La ministra Ais\u00e9n Etcheverry subrogante de Ciencia asegur\u00f3 que el Gobierno se centra en avances sociales y no se plantea cambios en su composici\u00f3n.<\/p>\n<p>Jos\u00e9 Toro Kemp, del Partido Por la Democracia (PPD), tambi\u00e9n defiende una amplia primaria con todos los candidatos del oficialismo. Por otro lado, Jaime Mulet propone dos elecciones para competir m\u00e1s eficazmente en el centro pol\u00edtico.<\/p>\n<p>Una primaria incluir\u00eda al Partido Socialista y Comunista, mientras que la otra lo har\u00eda con el Partido Radical y Regionalistas Verdes.<\/p>\n<p>Las negociaciones para definir los mecanismos de estas posibles primarias contin\u00faan, mostrando buenas opciones para un eventual voto ciudadano.<\/p>\n","protected":false},"excerpt":{"rendered":"<p>En las pr\u00f3ximas semanas, Carolina Toh\u00e1 y Michelle Bachelet se preparan para definir si postular\u00e1n a la Presidencia de Chile<\/p>\n","protected":false},"author":2,"featured_media":12205,"comment_status":"closed","ping_status":"open","sticky":false,"template":"","format":"standard","meta":{"_jetpack_memberships_contains_paid_content":false,"jnews-multi-image_gallery":[],"jnews_single_post":[],"jnews_primary_category":[],"jnews_social_meta":[],"jnews_paywall_metabox":[],"jnews_review":[],"enable_review":"","type":"","name":"","summary":"","brand":"","sku":"","good":[],"bad":[],"score_override":"","override_value":"","rating":[],"price":[],"jnews_override_counter":[],"jnews_post_split":[],"footnotes":""},"categories":[83],"tags":[],"class_list":["post-12206","post","type-post","status-publish","format-standard","has-post-thumbnail","hentry","category-politica"],"jetpack_featured_media_url":"https:\/\/laserenaradio.cl\/web\/wp-content\/uploads\/2025\/02\/homepiaiextractoscrapimg_webpprimariasoficialismo_1.webp","jetpack_sharing_enabled":true,"_links":{"self":[{"href":"https:\/\/laserenaradio.cl\/web\/wp-json\/wp\/v2\/posts\/12206","targetHints":{"allow":["GET"]}}],"collection":[{"href":"https:\/\/laserenaradio.cl\/web\/wp-json\/wp\/v2\/posts"}],"about":[{"href":"https:\/\/laserenaradio.cl\/web\/wp-json\/wp\/v2\/types\/post"}],"author":[{"embeddable":true,"href":"https:\/\/laserenaradio.cl\/web\/wp-json\/wp\/v2\/users\/2"}],"replies":[{"embeddable":true,"href":"https:\/\/laserenaradio.cl\/web\/wp-json\/wp\/v2\/comments?post=12206"}],"version-history":[{"count":1,"href":"https:\/\/laserenaradio.cl\/web\/wp-json\/wp\/v2\/posts\/12206\/revisions"}],"predecessor-version":[{"id":12207,"href":"https:\/\/laserenaradio.cl\/web\/wp-json\/wp\/v2\/posts\/12206\/revisions\/12207"}],"wp:featuredmedia":[{"embeddable":true,"href":"https:\/\/laserenaradio.cl\/web\/wp-json\/wp\/v2\/media\/12205"}],"wp:attachment":[{"href":"https:\/\/laserenaradio.cl\/web\/wp-json\/wp\/v2\/media?parent=12206"}],"wp:term":[{"taxonomy":"category","embeddable":true,"href":"https:\/\/laserenaradio.cl\/web\/wp-json\/wp\/v2\/categories?post=12206"},{"taxonomy":"post_tag","embeddable":true,"href":"https:\/\/laserenaradio.cl\/web\/wp-json\/wp\/v2\/tags?post=12206"}],"curies":[{"name":"wp","href":"https:\/\/api.w.org\/{rel}","templated":true}]}}