{"id":12203,"date":"2025-02-24T21:13:58","date_gmt":"2025-02-25T00:13:58","guid":{"rendered":"https:\/\/laserenaradio.cl\/web\/?p=12203"},"modified":"2025-02-24T21:13:58","modified_gmt":"2025-02-25T00:13:58","slug":"alerta-roja-en-coihueco-debido-a-amenaza-de-incendio-forestal-que-se-acerca-a-10-viviendas","status":"publish","type":"post","link":"https:\/\/laserenaradio.cl\/web\/2025\/02\/24\/alerta-roja-en-coihueco-debido-a-amenaza-de-incendio-forestal-que-se-acerca-a-10-viviendas\/","title":{"rendered":"Alerta Roja en Coihueco debido a amenaza de incendio forestal que se acerca a 10 viviendas"},"content":{"rendered":"<p><b>El Servicio Nacional de Prevenci\u00f3n y Respuesta ante Desastres (<a href=\"http:\/\/www.senapred.cl\">Senapred<\/a>) declar\u00f3 Alerta Roja en la comuna de Coihueco debido a un peligroso incendio forestal conocido como San Patricio<\/b><!--more-->.<\/p>\n<p>Este incendio, que se combate desde hace 10 d\u00edas, ha consumido ya 996 hect\u00e1reas y amenaza directamente a 10 viviendas localizadas en el sector de Los Pellines, a una distancia promedio de solo 500 metros.<\/p>\n<p>La emergencia es gestionada por la Directora Ejecutiva de Conaf, Aida Baldini, quien inform\u00f3 sobre la toma de esta determinaci\u00f3n.<\/p>\n<p>Para controlar y extinguir las llamas, se ha desplegado un gran esfuerzo coordinado que involucra a 10 brigadas terrestres, una brigada helitransportada, tres brigadas mecanizadas, 13 t\u00e9cnicos, adem\u00e1s de diversos veh\u00edculos y recursos a\u00e9reos.<\/p>\n<p>Espec\u00edficamente, se cuenta con un helic\u00f3ptero liviano, dos helic\u00f3pteros medianos, dos helic\u00f3pteros Super Puma, un helic\u00f3ptero Chinook, un helic\u00f3ptero Black Hawk, tres aviones cisterna y un m\u00f3vil de combustible.<\/p>\n<p>Todos estos recursos son parte integral de la respuesta a esta emergencia.<\/p>\n","protected":false},"excerpt":{"rendered":"<p>El Servicio Nacional de Prevenci\u00f3n y Respuesta ante Desastres (Senapred) declar\u00f3 Alerta Roja en la comuna de Coihueco debido a un peligroso incendio forestal conocido como San Patricio<\/p>\n","protected":false},"author":2,"featured_media":12202,"comment_status":"closed","ping_status":"open","sticky":false,"template":"","format":"standard","meta":{"_jetpack_memberships_contains_paid_content":false,"jnews-multi-image_gallery":[],"jnews_single_post":[],"jnews_primary_category":[],"jnews_social_meta":[],"jnews_paywall_metabox":[],"jnews_review":[],"enable_review":"","type":"","name":"","summary":"","brand":"","sku":"","good":[],"bad":[],"score_override":"","override_value":"","rating":[],"price":[],"jnews_override_counter":[],"jnews_post_split":[],"footnotes":""},"categories":[21],"tags":[],"class_list":["post-12203","post","type-post","status-publish","format-standard","has-post-thumbnail","hentry","category-nacional"],"jetpack_featured_media_url":"https:\/\/laserenaradio.cl\/web\/wp-content\/uploads\/2025\/02\/homepiaiextractoscrapimg_webpincendioAlertaRojaforestalviviendas_0.webp","jetpack_sharing_enabled":true,"_links":{"self":[{"href":"https:\/\/laserenaradio.cl\/web\/wp-json\/wp\/v2\/posts\/12203","targetHints":{"allow":["GET"]}}],"collection":[{"href":"https:\/\/laserenaradio.cl\/web\/wp-json\/wp\/v2\/posts"}],"about":[{"href":"https:\/\/laserenaradio.cl\/web\/wp-json\/wp\/v2\/types\/post"}],"author":[{"embeddable":true,"href":"https:\/\/laserenaradio.cl\/web\/wp-json\/wp\/v2\/users\/2"}],"replies":[{"embeddable":true,"href":"https:\/\/laserenaradio.cl\/web\/wp-json\/wp\/v2\/comments?post=12203"}],"version-history":[{"count":1,"href":"https:\/\/laserenaradio.cl\/web\/wp-json\/wp\/v2\/posts\/12203\/revisions"}],"predecessor-version":[{"id":12204,"href":"https:\/\/laserenaradio.cl\/web\/wp-json\/wp\/v2\/posts\/12203\/revisions\/12204"}],"wp:featuredmedia":[{"embeddable":true,"href":"https:\/\/laserenaradio.cl\/web\/wp-json\/wp\/v2\/media\/12202"}],"wp:attachment":[{"href":"https:\/\/laserenaradio.cl\/web\/wp-json\/wp\/v2\/media?parent=12203"}],"wp:term":[{"taxonomy":"category","embeddable":true,"href":"https:\/\/laserenaradio.cl\/web\/wp-json\/wp\/v2\/categories?post=12203"},{"taxonomy":"post_tag","embeddable":true,"href":"https:\/\/laserenaradio.cl\/web\/wp-json\/wp\/v2\/tags?post=12203"}],"curies":[{"name":"wp","href":"https:\/\/api.w.org\/{rel}","templated":true}]}}