{"id":12197,"date":"2025-02-24T19:35:01","date_gmt":"2025-02-24T22:35:01","guid":{"rendered":"https:\/\/laserenaradio.cl\/web\/?p=12197"},"modified":"2025-02-24T19:35:01","modified_gmt":"2025-02-24T22:35:01","slug":"la-u-se-lleva-el-triunfo-sobre-union-la-calera-con-penal-ignorado","status":"publish","type":"post","link":"https:\/\/laserenaradio.cl\/web\/2025\/02\/24\/la-u-se-lleva-el-triunfo-sobre-union-la-calera-con-penal-ignorado\/","title":{"rendered":"La U se lleva el triunfo sobre Uni\u00f3n La Calera con penal ignorado"},"content":{"rendered":"<p><b>La Universidad de Chile (U) venci\u00f3 por la m\u00ednima diferencia a Uni\u00f3n La Calera en el inicio de la Liga de Primera 2025, confirmando su buena racha<\/b><!--more-->.<\/p>\n<p>Sin embargo, los locales sufrieron una desilusi\u00f3n cuando alegaron un supuesto penal a su favor que fue ignorado por el \u00e1rbitro Diego Flores.<\/p>\n<p>En la primera mitad del encuentro, Cristian Insaurralde condujo el bal\u00f3n al \u00e1rea azul para disputar mano a mano con Gabriel Castell\u00f3n.<\/p>\n<p>El arquero finalmente se apoder\u00f3 de la pelota ante la reacci\u00f3n de los jugadores visitantes.<\/p>\n<p>El \u00e1rbitro decidi\u00f3 no revisar la jugada, lo que desat\u00f3 la ira del ex Cobreloa.<\/p>\n<p>\u201cFue penal y las im\u00e1genes est\u00e1n ah\u00ed\u201d, afirm\u00f3 Insaurralde a Radio Sport Chile. \u201cPor ah\u00ed uno se enoja y se fastidia cuando sabe que no es apoyado por la gente que verdaderamente tiene que hacer su trabajo y observar las cosas correctamente\u201d.<\/p>\n<p>En su intervenci\u00f3n, el jugador aprovech\u00f3 para lanzar un sutil ataque a La U: &#8220;Esto es f\u00fatbol, pasa en todos lados que los equipos grandes, a veces tienen un poco m\u00e1s de fuerza&#8221;.<\/p>\n<p>El partido demostr\u00f3 la intensidad y los sentimientos fuertes que se producen durante las competencias futbol\u00edsticas.<\/p>\n","protected":false},"excerpt":{"rendered":"<p>La Universidad de Chile (U) venci\u00f3 por la m\u00ednima diferencia a Uni\u00f3n La Calera en el inicio de la Liga de Primera 2025, confirmando su buena racha<\/p>\n","protected":false},"author":2,"featured_media":12196,"comment_status":"closed","ping_status":"open","sticky":false,"template":"","format":"standard","meta":{"_jetpack_memberships_contains_paid_content":false,"jnews-multi-image_gallery":[],"jnews_single_post":[],"jnews_primary_category":[],"jnews_social_meta":[],"jnews_paywall_metabox":[],"jnews_review":[],"enable_review":"","type":"","name":"","summary":"","brand":"","sku":"","good":[],"bad":[],"score_override":"","override_value":"","rating":[],"price":[],"jnews_override_counter":[],"jnews_post_split":[],"footnotes":""},"categories":[84],"tags":[],"class_list":["post-12197","post","type-post","status-publish","format-standard","has-post-thumbnail","hentry","category-deportes"],"jetpack_featured_media_url":"https:\/\/laserenaradio.cl\/web\/wp-content\/uploads\/2025\/02\/homepiaiextractoscrapimg_predeterminadalaserenaradio_deportes-2.webp","jetpack_sharing_enabled":true,"_links":{"self":[{"href":"https:\/\/laserenaradio.cl\/web\/wp-json\/wp\/v2\/posts\/12197","targetHints":{"allow":["GET"]}}],"collection":[{"href":"https:\/\/laserenaradio.cl\/web\/wp-json\/wp\/v2\/posts"}],"about":[{"href":"https:\/\/laserenaradio.cl\/web\/wp-json\/wp\/v2\/types\/post"}],"author":[{"embeddable":true,"href":"https:\/\/laserenaradio.cl\/web\/wp-json\/wp\/v2\/users\/2"}],"replies":[{"embeddable":true,"href":"https:\/\/laserenaradio.cl\/web\/wp-json\/wp\/v2\/comments?post=12197"}],"version-history":[{"count":1,"href":"https:\/\/laserenaradio.cl\/web\/wp-json\/wp\/v2\/posts\/12197\/revisions"}],"predecessor-version":[{"id":12198,"href":"https:\/\/laserenaradio.cl\/web\/wp-json\/wp\/v2\/posts\/12197\/revisions\/12198"}],"wp:featuredmedia":[{"embeddable":true,"href":"https:\/\/laserenaradio.cl\/web\/wp-json\/wp\/v2\/media\/12196"}],"wp:attachment":[{"href":"https:\/\/laserenaradio.cl\/web\/wp-json\/wp\/v2\/media?parent=12197"}],"wp:term":[{"taxonomy":"category","embeddable":true,"href":"https:\/\/laserenaradio.cl\/web\/wp-json\/wp\/v2\/categories?post=12197"},{"taxonomy":"post_tag","embeddable":true,"href":"https:\/\/laserenaradio.cl\/web\/wp-json\/wp\/v2\/tags?post=12197"}],"curies":[{"name":"wp","href":"https:\/\/api.w.org\/{rel}","templated":true}]}}