{"id":12194,"date":"2025-02-24T19:32:49","date_gmt":"2025-02-24T22:32:49","guid":{"rendered":"https:\/\/laserenaradio.cl\/web\/?p=12194"},"modified":"2025-02-24T19:32:49","modified_gmt":"2025-02-24T22:32:49","slug":"juicio-contra-tio-abuelo-de-tomas-bravo-podria-ser-aplazado-por-cambio-de-querellante","status":"publish","type":"post","link":"https:\/\/laserenaradio.cl\/web\/2025\/02\/24\/juicio-contra-tio-abuelo-de-tomas-bravo-podria-ser-aplazado-por-cambio-de-querellante\/","title":{"rendered":"Juicio contra t\u00edo abuelo de Tom\u00e1s Bravo podr\u00eda ser aplazado por cambio de querellante"},"content":{"rendered":"<p><b>En un escenario complejo, el abogado Cristian Echayz admiti\u00f3 la posibilidad de que otro profesional asuma la representaci\u00f3n de Mois\u00e9s Bravo, lo que podr\u00eda hacer que el juicio contra su t\u00edo abuelo se aplazara a una fecha posterior<\/b><!--more-->.<\/p>\n<p>Este cambio surge tras la renuncia de Amparo y Justicia como querellante en este caso, debido a diferencias con el padre del menor fallecido, Tom\u00e1s Bravo.<\/p>\n<p>La querella por abandono de menor con resultado de muerte fue presentada por Amparo y Justicia, fundaci\u00f3n que ahora se ha retirado de la causa.<\/p>\n<p>Tras nuevos antecedentes sobre sustracci\u00f3n de menor en la <a href=\"https:\/\/www.fiscaliadechile.cl\/\">Fiscal\u00eda<\/a> Regional de los R\u00edos, el padre del ni\u00f1o pidi\u00f3 a la fundaci\u00f3n aplazar el juicio abierto por la <a href=\"https:\/\/www.fiscaliadechile.cl\/\">Fiscal\u00eda<\/a> del B\u00edo B\u00edo.<\/p>\n<p>Cristian Echayz, quien ha estado desde el principio con Mois\u00e9s Bravo, comparte tambi\u00e9n la confianza de su cliente en la segunda investigaci\u00f3n.<\/p>\n<p>Si Echayz decide dejar el caso, el juicio previsto para el 3 de marzo en el Tribunal Oral de Ca\u00f1ete podr\u00eda ser aplazado.<\/p>\n<p>La defensora penal Nelly D\u00edaz, que representa al acusado Jorge Escobar Escobar, t\u00edo abuelo de Tom\u00e1s Bravo, indic\u00f3 que si nadie se suma en reemplazo de la fundaci\u00f3n Amparo y Justicia, el juicio tendr\u00eda que ir solo con la <a href=\"https:\/\/www.fiscaliadechile.cl\/\">Fiscal\u00eda<\/a> y la Defensor\u00eda.<\/p>\n<p>Las fuentes de Radio B\u00edo B\u00edo se\u00f1alan que la fiscal regional Tatiana Esquivel ha llegado a una tesis inicial del homicidio en este caso.<\/p>\n<p>Este cambio de circunstancias plantea incertidumbres respecto al avance del juicio y podr\u00eda afectar significativamente las pr\u00f3ximas etapas legales del proceso.<\/p>\n","protected":false},"excerpt":{"rendered":"<p>En un escenario complejo, el abogado Cristian Echayz admiti\u00f3 la posibilidad de que otro profesional asuma la representaci\u00f3n de Mois\u00e9s Bravo, lo que podr\u00eda hacer que el juicio contra su t\u00edo abuelo se aplazara a una fecha posterior<\/p>\n","protected":false},"author":2,"featured_media":12193,"comment_status":"closed","ping_status":"open","sticky":false,"template":"","format":"standard","meta":{"_jetpack_memberships_contains_paid_content":false,"jnews-multi-image_gallery":[],"jnews_single_post":[],"jnews_primary_category":[],"jnews_social_meta":[],"jnews_paywall_metabox":[],"jnews_review":[],"enable_review":"","type":"","name":"","summary":"","brand":"","sku":"","good":[],"bad":[],"score_override":"","override_value":"","rating":[],"price":[],"jnews_override_counter":[],"jnews_post_split":[],"footnotes":""},"categories":[21],"tags":[],"class_list":["post-12194","post","type-post","status-publish","format-standard","has-post-thumbnail","hentry","category-nacional"],"jetpack_featured_media_url":"https:\/\/laserenaradio.cl\/web\/wp-content\/uploads\/2025\/02\/homepiaiextractoscrapimg_webpBravojuicioabuelocambio_1.webp","jetpack_sharing_enabled":true,"_links":{"self":[{"href":"https:\/\/laserenaradio.cl\/web\/wp-json\/wp\/v2\/posts\/12194","targetHints":{"allow":["GET"]}}],"collection":[{"href":"https:\/\/laserenaradio.cl\/web\/wp-json\/wp\/v2\/posts"}],"about":[{"href":"https:\/\/laserenaradio.cl\/web\/wp-json\/wp\/v2\/types\/post"}],"author":[{"embeddable":true,"href":"https:\/\/laserenaradio.cl\/web\/wp-json\/wp\/v2\/users\/2"}],"replies":[{"embeddable":true,"href":"https:\/\/laserenaradio.cl\/web\/wp-json\/wp\/v2\/comments?post=12194"}],"version-history":[{"count":1,"href":"https:\/\/laserenaradio.cl\/web\/wp-json\/wp\/v2\/posts\/12194\/revisions"}],"predecessor-version":[{"id":12195,"href":"https:\/\/laserenaradio.cl\/web\/wp-json\/wp\/v2\/posts\/12194\/revisions\/12195"}],"wp:featuredmedia":[{"embeddable":true,"href":"https:\/\/laserenaradio.cl\/web\/wp-json\/wp\/v2\/media\/12193"}],"wp:attachment":[{"href":"https:\/\/laserenaradio.cl\/web\/wp-json\/wp\/v2\/media?parent=12194"}],"wp:term":[{"taxonomy":"category","embeddable":true,"href":"https:\/\/laserenaradio.cl\/web\/wp-json\/wp\/v2\/categories?post=12194"},{"taxonomy":"post_tag","embeddable":true,"href":"https:\/\/laserenaradio.cl\/web\/wp-json\/wp\/v2\/tags?post=12194"}],"curies":[{"name":"wp","href":"https:\/\/api.w.org\/{rel}","templated":true}]}}