{"id":12191,"date":"2025-02-24T16:57:15","date_gmt":"2025-02-24T19:57:15","guid":{"rendered":"https:\/\/laserenaradio.cl\/web\/?p=12191"},"modified":"2025-02-24T16:57:15","modified_gmt":"2025-02-24T19:57:15","slug":"matthei-pide-a-la-cpi-que-investigue-el-asesinato-del-teniente-venezolano-ronald-ojeda","status":"publish","type":"post","link":"https:\/\/laserenaradio.cl\/web\/2025\/02\/24\/matthei-pide-a-la-cpi-que-investigue-el-asesinato-del-teniente-venezolano-ronald-ojeda\/","title":{"rendered":"Matthei pide a la CPI que investigue el asesinato del teniente venezolano Ronald Ojeda"},"content":{"rendered":"<p><b>Evelyn Matthei, candidata presidencial de Chile Vamos, particip\u00f3 en un homenaje realizado para conmemorar el aniversario del asesinato del teniente venezolano Ronald Ojeda<\/b><!--more-->.<\/p>\n<p>El evento tuvo lugar en la comuna de Independencia, donde Matthei destac\u00f3 que Ojeda solicit\u00f3 refugio en Chile, pa\u00eds que le concedi\u00f3 asilo.<\/p>\n<p>\u201cEl teniente Ronald Ojeda requer\u00eda protecci\u00f3n y Chile lo protegi\u00f3, permitiendo que demostrara estar en riesgo debido a persecuci\u00f3n pol\u00edtica. Lamentablemente, nuestro pa\u00eds no pudo garantizar su seguridad\u201d, expres\u00f3 Matthei.<\/p>\n<p>Adem\u00e1s, la exalcaldesa critic\u00f3 el desempe\u00f1o de las autoridades chilenas al se\u00f1alar: \u201cEs evidente que en Chile carecemos de la inteligencia y control fronterizo necesarios\u201d.<\/p>\n<p>Tambi\u00e9n mencion\u00f3 los posibles v\u00ednculos entre la organizaci\u00f3n criminal Tren de Aragua y personas allegadas al gobierno venezolano.<\/p>\n<p>Matthei propuso llevar el caso a la Corte Penal Internacional, argumentando: \u201cSi son de derecha, probablemente har\u00edan algo. Sin embargo, en este caso no estoy segura de que lo hagan\u201d.<\/p>\n<p>Enfatiz\u00f3 la necesidad de hacer tr\u00e1mites para garantizar justicia y apunt\u00f3 a los posibles sesgos de algunos organismos internacionales.<\/p>\n<p>\u201cLos cr\u00edmenes como estos deben ser juzgados donde sea necesario, y en este caso, probablemente la Corte Penal Internacional sea la \u00fanica que pueda actuar\u201d, concluy\u00f3 Matthei.<\/p>\n","protected":false},"excerpt":{"rendered":"<p>Evelyn Matthei, candidata presidencial de Chile Vamos, particip\u00f3 en un homenaje realizado para conmemorar el aniversario del asesinato del teniente venezolano Ronald Ojeda<\/p>\n","protected":false},"author":2,"featured_media":12190,"comment_status":"closed","ping_status":"open","sticky":false,"template":"","format":"standard","meta":{"_jetpack_memberships_contains_paid_content":false,"jnews-multi-image_gallery":[],"jnews_single_post":[],"jnews_primary_category":[],"jnews_social_meta":[],"jnews_paywall_metabox":[],"jnews_review":[],"enable_review":"","type":"","name":"","summary":"","brand":"","sku":"","good":[],"bad":[],"score_override":"","override_value":"","rating":[],"price":[],"jnews_override_counter":[],"jnews_post_split":[],"footnotes":""},"categories":[83],"tags":[],"class_list":["post-12191","post","type-post","status-publish","format-standard","has-post-thumbnail","hentry","category-politica"],"jetpack_featured_media_url":"https:\/\/laserenaradio.cl\/web\/wp-content\/uploads\/2025\/02\/homepiaiextractoscrapimg_webpMattheiCPI_1.webp","jetpack_sharing_enabled":true,"_links":{"self":[{"href":"https:\/\/laserenaradio.cl\/web\/wp-json\/wp\/v2\/posts\/12191","targetHints":{"allow":["GET"]}}],"collection":[{"href":"https:\/\/laserenaradio.cl\/web\/wp-json\/wp\/v2\/posts"}],"about":[{"href":"https:\/\/laserenaradio.cl\/web\/wp-json\/wp\/v2\/types\/post"}],"author":[{"embeddable":true,"href":"https:\/\/laserenaradio.cl\/web\/wp-json\/wp\/v2\/users\/2"}],"replies":[{"embeddable":true,"href":"https:\/\/laserenaradio.cl\/web\/wp-json\/wp\/v2\/comments?post=12191"}],"version-history":[{"count":1,"href":"https:\/\/laserenaradio.cl\/web\/wp-json\/wp\/v2\/posts\/12191\/revisions"}],"predecessor-version":[{"id":12192,"href":"https:\/\/laserenaradio.cl\/web\/wp-json\/wp\/v2\/posts\/12191\/revisions\/12192"}],"wp:featuredmedia":[{"embeddable":true,"href":"https:\/\/laserenaradio.cl\/web\/wp-json\/wp\/v2\/media\/12190"}],"wp:attachment":[{"href":"https:\/\/laserenaradio.cl\/web\/wp-json\/wp\/v2\/media?parent=12191"}],"wp:term":[{"taxonomy":"category","embeddable":true,"href":"https:\/\/laserenaradio.cl\/web\/wp-json\/wp\/v2\/categories?post=12191"},{"taxonomy":"post_tag","embeddable":true,"href":"https:\/\/laserenaradio.cl\/web\/wp-json\/wp\/v2\/tags?post=12191"}],"curies":[{"name":"wp","href":"https:\/\/api.w.org\/{rel}","templated":true}]}}