{"id":12185,"date":"2025-02-24T15:30:49","date_gmt":"2025-02-24T18:30:49","guid":{"rendered":"https:\/\/laserenaradio.cl\/web\/?p=12185"},"modified":"2025-02-24T15:30:49","modified_gmt":"2025-02-24T18:30:49","slug":"el-alcalde-de-santiago-se-compromete-a-erradicar-el-comercio-ilegal-en-su-comuna","status":"publish","type":"post","link":"https:\/\/laserenaradio.cl\/web\/2025\/02\/24\/el-alcalde-de-santiago-se-compromete-a-erradicar-el-comercio-ilegal-en-su-comuna\/","title":{"rendered":"El alcalde de Santiago se compromete a erradicar el comercio ilegal en su comuna."},"content":{"rendered":"<p><b>El alcalde de Santiago, Mario Desbordes, asegur\u00f3 en entrevista con La Tercera que espera erradicar el comercio ilegal en su comuna en un plazo m\u00e1ximo de dos a\u00f1os y medio<\/b><!--more-->.<\/p>\n<p>Esto responde a cuestionamientos sobre un presunto cambio de discurso respecto a la problem\u00e1tica del toldos azules.<\/p>\n<p>Desbordes reafirm\u00f3 su compromiso inicial de terminar con todos los llamados &#8220;toldos azules&#8221; bajo su administraci\u00f3n.<\/p>\n<p>No obstante, en las primeras semanas de su gobierno reconoci\u00f3 que completar esta tarea era &#8220;casi imposible&#8221;.<\/p>\n<p>Ahora, se ha fijado un plazo realista: hasta septiembre de 2027, fecha con la cual espera haber erradicado el comercio ilegal.<\/p>\n<p>Este plan implica despejar las calles del Barrio Meiggs y permitir el libre paso del transporte p\u00fablico, una necesidad surgida debido al aflujo masivo de comercios irregulares en la zona.<\/p>\n<p>El jefe edilicio argument\u00f3 que aunque no podr\u00e1 eliminarlo por completo, &#8220;100%&#8221; espera tenerlo erradicado en ese plazo. &#8220;Algunos dicen: &#8216;No, lo que dijo es que iba a erradicar el comercio ilegal y no lo ha hecho&#8217;. Claro que lo voy a erradicar, y eso lo mantengo&#8221;, enfatiz\u00f3 Desbordes.<\/p>\n","protected":false},"excerpt":{"rendered":"<p>El alcalde de Santiago, Mario Desbordes, asegur\u00f3 en entrevista con La Tercera que espera erradicar el comercio ilegal en su comuna en un plazo m\u00e1ximo de dos a\u00f1os y medio<\/p>\n","protected":false},"author":2,"featured_media":12184,"comment_status":"closed","ping_status":"open","sticky":false,"template":"","format":"standard","meta":{"_jetpack_memberships_contains_paid_content":false,"jnews-multi-image_gallery":[],"jnews_single_post":[],"jnews_primary_category":[],"jnews_social_meta":[],"jnews_paywall_metabox":[],"jnews_review":[],"enable_review":"","type":"","name":"","summary":"","brand":"","sku":"","good":[],"bad":[],"score_override":"","override_value":"","rating":[],"price":[],"jnews_override_counter":[],"jnews_post_split":[],"footnotes":""},"categories":[83],"tags":[],"class_list":["post-12185","post","type-post","status-publish","format-standard","has-post-thumbnail","hentry","category-politica"],"jetpack_featured_media_url":"https:\/\/laserenaradio.cl\/web\/wp-content\/uploads\/2025\/02\/homepiaiextractoscrapimg_webpcomercioilegalespera_1.webp","jetpack_sharing_enabled":true,"_links":{"self":[{"href":"https:\/\/laserenaradio.cl\/web\/wp-json\/wp\/v2\/posts\/12185","targetHints":{"allow":["GET"]}}],"collection":[{"href":"https:\/\/laserenaradio.cl\/web\/wp-json\/wp\/v2\/posts"}],"about":[{"href":"https:\/\/laserenaradio.cl\/web\/wp-json\/wp\/v2\/types\/post"}],"author":[{"embeddable":true,"href":"https:\/\/laserenaradio.cl\/web\/wp-json\/wp\/v2\/users\/2"}],"replies":[{"embeddable":true,"href":"https:\/\/laserenaradio.cl\/web\/wp-json\/wp\/v2\/comments?post=12185"}],"version-history":[{"count":1,"href":"https:\/\/laserenaradio.cl\/web\/wp-json\/wp\/v2\/posts\/12185\/revisions"}],"predecessor-version":[{"id":12186,"href":"https:\/\/laserenaradio.cl\/web\/wp-json\/wp\/v2\/posts\/12185\/revisions\/12186"}],"wp:featuredmedia":[{"embeddable":true,"href":"https:\/\/laserenaradio.cl\/web\/wp-json\/wp\/v2\/media\/12184"}],"wp:attachment":[{"href":"https:\/\/laserenaradio.cl\/web\/wp-json\/wp\/v2\/media?parent=12185"}],"wp:term":[{"taxonomy":"category","embeddable":true,"href":"https:\/\/laserenaradio.cl\/web\/wp-json\/wp\/v2\/categories?post=12185"},{"taxonomy":"post_tag","embeddable":true,"href":"https:\/\/laserenaradio.cl\/web\/wp-json\/wp\/v2\/tags?post=12185"}],"curies":[{"name":"wp","href":"https:\/\/api.w.org\/{rel}","templated":true}]}}