{"id":12182,"date":"2025-02-24T15:27:37","date_gmt":"2025-02-24T18:27:37","guid":{"rendered":"https:\/\/laserenaradio.cl\/web\/?p=12182"},"modified":"2025-02-24T15:27:37","modified_gmt":"2025-02-24T18:27:37","slug":"rechazo-oficial-al-ministerio-de-hacienda-por-las-criticas-luego-del-sondeo-cadem-que-mostro-caida-en-la-aprobacion-de-marcel","status":"publish","type":"post","link":"https:\/\/laserenaradio.cl\/web\/2025\/02\/24\/rechazo-oficial-al-ministerio-de-hacienda-por-las-criticas-luego-del-sondeo-cadem-que-mostro-caida-en-la-aprobacion-de-marcel\/","title":{"rendered":"Rechazo oficial al Ministerio de Hacienda por las cr\u00edticas luego del sondeo Cadem que mostr\u00f3 ca\u00edda en la aprobaci\u00f3n de Marcel"},"content":{"rendered":"<p><b>El oficialismo respald\u00f3 al ministro de Hacienda Mario Marcel tras la ca\u00edda en su aprobaci\u00f3n seg\u00fan la \u00faltima encuesta de Plaza P\u00fablica de Cadem<\/b><!--more-->.<\/p>\n<p>La disminuci\u00f3n del 6% respecto al mes anterior situ\u00f3 a Marcel con un 45%, marcando el peor rendimiento desde que asumi\u00f3 en Teatinos 120.<\/p>\n<p>Ais\u00e9n Etcheverry, ministra vocera de La Moneda, justific\u00f3 los traspasos desde la Corfo por $3,4 billones alegando transparencia y responsabilidad financiera.<\/p>\n<p>En el an\u00e1lisis general, Marcel comparte la lista de ministros mejor evaluados con Carolina Toh\u00e1.<\/p>\n<p>Ais\u00e9n Etcheverry tambi\u00e9n defendi\u00f3 las medidas del gobierno, asegurando que han logrado estabilidad econ\u00f3mica y reconocimiento internacional.<\/p>\n<p>Jos\u00e9 Miguel Insulza, senador socialista, indic\u00f3 que el ministro ha sido atacado injustamente y conf\u00eda en una recuperaci\u00f3n de su imagen.<\/p>\n<p>Desde la oposici\u00f3n, Miguel Mellado, diputado RN, critic\u00f3 la gesti\u00f3n financiera de Marcel, acus\u00e1ndolo de sobreestimar ingresos y mal manejar los recursos.<\/p>\n<p>Esta posici\u00f3n gener\u00f3 un descenso en la aprobaci\u00f3n de Toh\u00e1 (37%) y Leitao (35%).<\/p>\n<p>Jaime Pizarro mantuvo el liderato con un 75% de aprobaci\u00f3n, seguido por Carolina Arredondo (61%) y Alberto van Klaveren (58%).<\/p>\n","protected":false},"excerpt":{"rendered":"<p>El oficialismo respald\u00f3 al ministro de Hacienda Mario Marcel tras la ca\u00edda en su aprobaci\u00f3n seg\u00fan la \u00faltima encuesta de Plaza P\u00fablica de Cadem<\/p>\n","protected":false},"author":2,"featured_media":12181,"comment_status":"closed","ping_status":"open","sticky":false,"template":"","format":"standard","meta":{"_jetpack_memberships_contains_paid_content":false,"jnews-multi-image_gallery":[],"jnews_single_post":[],"jnews_primary_category":[],"jnews_social_meta":[],"jnews_paywall_metabox":[],"jnews_review":[],"enable_review":"","type":"","name":"","summary":"","brand":"","sku":"","good":[],"bad":[],"score_override":"","override_value":"","rating":[],"price":[],"jnews_override_counter":[],"jnews_post_split":[],"footnotes":""},"categories":[83],"tags":[],"class_list":["post-12182","post","type-post","status-publish","format-standard","has-post-thumbnail","hentry","category-politica"],"jetpack_featured_media_url":"https:\/\/laserenaradio.cl\/web\/wp-content\/uploads\/2025\/02\/homepiaiextractoscrapimg_webpMarcelministroEtcheverryHacienda_1.webp","jetpack_sharing_enabled":true,"_links":{"self":[{"href":"https:\/\/laserenaradio.cl\/web\/wp-json\/wp\/v2\/posts\/12182","targetHints":{"allow":["GET"]}}],"collection":[{"href":"https:\/\/laserenaradio.cl\/web\/wp-json\/wp\/v2\/posts"}],"about":[{"href":"https:\/\/laserenaradio.cl\/web\/wp-json\/wp\/v2\/types\/post"}],"author":[{"embeddable":true,"href":"https:\/\/laserenaradio.cl\/web\/wp-json\/wp\/v2\/users\/2"}],"replies":[{"embeddable":true,"href":"https:\/\/laserenaradio.cl\/web\/wp-json\/wp\/v2\/comments?post=12182"}],"version-history":[{"count":1,"href":"https:\/\/laserenaradio.cl\/web\/wp-json\/wp\/v2\/posts\/12182\/revisions"}],"predecessor-version":[{"id":12183,"href":"https:\/\/laserenaradio.cl\/web\/wp-json\/wp\/v2\/posts\/12182\/revisions\/12183"}],"wp:featuredmedia":[{"embeddable":true,"href":"https:\/\/laserenaradio.cl\/web\/wp-json\/wp\/v2\/media\/12181"}],"wp:attachment":[{"href":"https:\/\/laserenaradio.cl\/web\/wp-json\/wp\/v2\/media?parent=12182"}],"wp:term":[{"taxonomy":"category","embeddable":true,"href":"https:\/\/laserenaradio.cl\/web\/wp-json\/wp\/v2\/categories?post=12182"},{"taxonomy":"post_tag","embeddable":true,"href":"https:\/\/laserenaradio.cl\/web\/wp-json\/wp\/v2\/tags?post=12182"}],"curies":[{"name":"wp","href":"https:\/\/api.w.org\/{rel}","templated":true}]}}